{"id":13973,"date":"2021-05-11T16:54:41","date_gmt":"2021-05-11T21:54:41","guid":{"rendered":"https:\/\/encuentroinformativo.com.mx\/?p=13973"},"modified":"2021-05-11T16:54:45","modified_gmt":"2021-05-11T21:54:45","slug":"alcalde-pide-a-las-autoridades-no-intervenir-en-secuestro-de-su-mama","status":"publish","type":"post","link":"https:\/\/encuentroinformativo.com.mx\/?p=13973","title":{"rendered":"Alcalde pide a las autoridades no intervenir en secuestro de su mam\u00e1"},"content":{"rendered":"\n<p><strong>Dar\u00edo Pale<\/strong><\/p>\n\n\n\n<p>Xalapa, Ver.- A trav\u00e9s de sus redes sociales el presidente municipal de\u00a0San Andr\u00e9s Tuxtla, Octavio P\u00e9rez Garay agradeci\u00f3 la voluntad de las autoridades al igual que la disposici\u00f3n para colaborar en el tema del secuestro de su madre, Marina Garay, pero les solicit\u00f3 que se retiren del tema y los dejen a ellos, como familia, tomar las decisiones al respecto.<\/p>\n\n\n\n<p>En su mensaje dirigido a las autoridades al igual que a los diferentes medios de comunicaci\u00f3n, les solicit\u00f3\u00a0mesura y prudencia porque se trata de su madre ya\u00a0que como familia est\u00e1n reunidos y esperando cualquier tipo de comunicaci\u00f3n de los plagiarios.<\/p>\n\n\n\n<p>Solicit\u00f3 a las personas &#8220;involucradas&#8221; a que tengan paciencia, que est\u00e9n tranquilos porque sabe que todo esto se puede resolver, adem\u00e1s se dijo dispuesto a hacer todo lo que se tenga que hacer.<\/p>\n\n\n\n<p>&#8220;Si tengo que ser yo el que tome el lugar de mi madre lo hago con gusto, una mujer valiente que tom\u00f3 el lugar de su hija. Aqu\u00ed estoy, saben mi tel\u00e9fono y los estoy esperando, much\u00edsimas gracias&#8221;, finaliz\u00f3.<\/p>\n","protected":false},"excerpt":{"rendered":"<p>Dar\u00edo Pale Xalapa, Ver.- A trav\u00e9s de sus redes sociales el presidente municipal de\u00a0San Andr\u00e9s Tuxtla, Octavio P\u00e9rez Garay agradeci\u00f3 la voluntad de las autoridades al igual que la disposici\u00f3n para colaborar en el tema del secuestro de su madre, Marina Garay, pero les solicit\u00f3 que se retiren del tema y los dejen a ellos, [&hellip;]<\/p>\n","protected":false},"author":1,"featured_media":13974,"comment_status":"open","ping_status":"open","sticky":false,"template":"","format":"standard","meta":{"_jetpack_memberships_contains_paid_content":false,"footnotes":""},"categories":[2],"tags":[],"class_list":["post-13973","post","type-post","status-publish","format-standard","has-post-thumbnail","hentry","category-estado"],"jetpack_featured_media_url":"https:\/\/encuentroinformativo.com.mx\/wp-content\/uploads\/2021\/05\/7C1462E8-9A0F-480B-8386-3A708D4A965D.jpeg","jetpack_sharing_enabled":true,"jetpack_likes_enabled":true,"amp_enabled":true,"_links":{"self":[{"href":"https:\/\/encuentroinformativo.com.mx\/index.php?rest_route=\/wp\/v2\/posts\/13973","targetHints":{"allow":["GET"]}}],"collection":[{"href":"https:\/\/encuentroinformativo.com.mx\/index.php?rest_route=\/wp\/v2\/posts"}],"about":[{"href":"https:\/\/encuentroinformativo.com.mx\/index.php?rest_route=\/wp\/v2\/types\/post"}],"author":[{"embeddable":true,"href":"https:\/\/encuentroinformativo.com.mx\/index.php?rest_route=\/wp\/v2\/users\/1"}],"replies":[{"embeddable":true,"href":"https:\/\/encuentroinformativo.com.mx\/index.php?rest_route=%2Fwp%2Fv2%2Fcomments&post=13973"}],"version-history":[{"count":1,"href":"https:\/\/encuentroinformativo.com.mx\/index.php?rest_route=\/wp\/v2\/posts\/13973\/revisions"}],"predecessor-version":[{"id":13975,"href":"https:\/\/encuentroinformativo.com.mx\/index.php?rest_route=\/wp\/v2\/posts\/13973\/revisions\/13975"}],"wp:featuredmedia":[{"embeddable":true,"href":"https:\/\/encuentroinformativo.com.mx\/index.php?rest_route=\/wp\/v2\/media\/13974"}],"wp:attachment":[{"href":"https:\/\/encuentroinformativo.com.mx\/index.php?rest_route=%2Fwp%2Fv2%2Fmedia&parent=13973"}],"wp:term":[{"taxonomy":"category","embeddable":true,"href":"https:\/\/encuentroinformativo.com.mx\/index.php?rest_route=%2Fwp%2Fv2%2Fcategories&post=13973"},{"taxonomy":"post_tag","embeddable":true,"href":"https:\/\/encuentroinformativo.com.mx\/index.php?rest_route=%2Fwp%2Fv2%2Ftags&post=13973"}],"curies":[{"name":"wp","href":"https:\/\/api.w.org\/{rel}","templated":true}]}}