{"id":13982,"date":"2021-05-12T09:29:09","date_gmt":"2021-05-12T14:29:09","guid":{"rendered":"https:\/\/encuentroinformativo.com.mx\/?p=13982"},"modified":"2021-05-12T09:29:13","modified_gmt":"2021-05-12T14:29:13","slug":"ahued-ya-huele-a-gober","status":"publish","type":"post","link":"https:\/\/encuentroinformativo.com.mx\/?p=13982","title":{"rendered":"AHUED YA HUELE A GOBER"},"content":{"rendered":"\n<p><strong>@pablojair<\/strong><\/p>\n\n\n\n<ul class=\"wp-block-list\"><li>Polic\u00edas municipales romp\u00edan propaganda en Playa Vicente.<\/li><li>El andar de los candidatos de Veracruz-Boca del R\u00edo.<\/li><li>Sho quiero brillar solito; todos mokos y fuchi-caca: M. Chiquito.<\/li><\/ul>\n\n\n\n<p>Alguien que le diga al secre Licha Villareal que los secuestrados<br>no se buscan como llaves perdidas en el pastito.<br>&#8211;Chopenjawer<\/p>\n\n\n\n<p>Desde esta columna \u2014que es de sus favoritas\u2014 ya hab\u00edamos dicho que Ricardo Ahued Bardahuil era el candidato de Morena para Xalapa; que no hab\u00eda otro\/otra\/etre para ocupar ese cargo.<\/p>\n\n\n\n<p>Hubo voces en el sentido de que era denigrar la figura del senador con licencia porque le ven m\u00e1s espolones como candidato a la gubernatura y que ser simple alcalde de la capital de Veracruz era quitarlo del camino rumbo al 2024.<\/p>\n\n\n\n<p>Pero no: la verdad es que Ahued es de los mejores activos que tiene Morena en Veracruz rumbo a la pr\u00f3xima gubernatura y la Presidencia Municipal de Xalapa no le resta influencia, m\u00e9ritos ni importancia.<\/p>\n\n\n\n<p>Ahued, aunque no es originario de Veracruz ni de padres veracruzanos, tiene un arraigo ya muy marcado con la capital veracruzana.<\/p>\n\n\n\n<p>Pero adem\u00e1s, tampoco aplica eso de que &#8220;estad\u00edsticamente&#8221; ning\u00fan alcalde de Xalapa ha sido gobernador, pues la falacia radica en que ning\u00fan mandatario ha sido presidente municipal, a excepci\u00f3n de un s\u00f3lo caso en el siglo pasado que fue sustituto.<\/p>\n\n\n\n<p>Es curioso porque Ahued podr\u00eda cambiar eso: el tener la experiencia (ser\u00edan ya dos veces) de gobernar la ciudad capital, una de las m\u00e1s grandes del estado y con problemas bastantes complejos; sin duda ser\u00e1 algo que mucha gente tomar\u00e1 en cuenta para quien podr\u00eda ser el aspirante a la primera magistratura.<\/p>\n\n\n\n<p>Har\u00eda simplemente historia: un alcalde de la ciudad m\u00e1s importante de Veracruz, sede de los poderes, que por fin podr\u00eda ser gobernador.<\/p>\n\n\n\n<p>Y es que muchos gobernadores llegaron con recomendaciones de las c\u00fapulas del PRI o por cargos federales como diputado o senadores, pero nunca administraron un municipio, por muy chiquito (y no presto nada) que este fuese.<\/p>\n\n\n\n<p>Quiz\u00e1s ese haya sido el problema para muchos que llegaron a Palacio de Gobierno: una cosa es la grilla y reflectores que dan cargos como legisladores o secretarios de despacho federales, pero otra cosa es resolver problemas verdaderos de una entidad.<\/p>\n\n\n\n<p>Mientras esto llegara concretarse, este domingo se realiz\u00f3 una marcha multitudinaria encabezada por el candidato Ricardo Ahued Bardahuil, quien, seg\u00fan cifras, habr\u00eda reunido a m\u00e1s de 10 mil personas.<\/p>\n\n\n\n<p>Vaya que Ahued mostr\u00f3 m\u00fasculo y se ve muy fuerte, casi indestructible. Honestamente, dif\u00edcilmente podr\u00edan tumbarlo de lo que ya parece venir.<\/p>\n\n\n\n<p><strong>NOTA PARA PEGAR EN EL REFRI:<\/strong> Seg\u00fan cuentan en las entra\u00f1as de la ESE-ESE-PE, la raz\u00f3n verdadera por la cual entr\u00f3 la Polic\u00eda Estatal a tomar el mando de la seguridad en Playa Vicente tiene qu\u00e9 ver con que los elementos municipales del ayuntamiento panista estaban realizando labores de &#8220;mapaches&#8221; electorales\u2026 Seg\u00fan cuentan, desde la alcald\u00eda daban la orden de que se rompiera y saboteara toda propaganda electoral de los partidos de oposici\u00f3n que se encontrara en las calles, especialmente de Morena\u2026 Lo anterior lo detectaron en Xalapa y le echaron un ojo a c\u00f3mo estaba el asunto de la Polic\u00eda Municipal con respecto a los ex\u00e1menes de control y confianza, resultando que la mayor\u00eda de los elementos no ten\u00eda ninguna evaluaci\u00f3n al respecto.<\/p>\n\n\n\n<p><strong>EL ANDAR DE LOS CANDIDATOS<\/strong>: El candidato a la alcald\u00eda de Veracruz, Ricardo Exsome, se reuni\u00f3 con miembros de la Asociaci\u00f3n Mexicana de Hoteles y Moteles de Veracruz y Boca del R\u00edo. Ah\u00ed dijo que ni iba por votos ni aplausos, sino para pedirle a los empresarios trabajar juntos. Ah\u00ed mismo, anunci\u00f3 que crear\u00e1 el Consejo Ciudadano del Centro Hist\u00f3rico y Municipal Tur\u00edstico; &#8220;Quiero ver al Puerto de Veracruz como una gran ciudad; la \u00fanica camiseta que debemos de ponernos es la de Veracruz&#8221;, expres\u00f3\u2026 Por su parte, la candidata a la diputaci\u00f3n federal Rosa Mar\u00eda Hern\u00e1ndez Espejo, invitada en la misma reuni\u00f3n, coincidi\u00f3 en la necesidad del trabajo en equipo que implica un circuito de comunicaci\u00f3n y acciones permanentes entre prestadores de servicio, autoridades municipales y legisladores. En este sentido, expres\u00f3 que apoyar\u00e1 desde el Congreso la reactivaci\u00f3n tur\u00edstica, detonante de la econom\u00eda local y el empleo\u2026 Se sumo a lo anterior la candidata a la diputaci\u00f3n local del distrito XV, Diana Santiago Huesca, quien se\u00f1al\u00f3 que los prestadores de servicios tur\u00edsticos en el municipio de Veracruz ha sido ignorados en sus proyectos y presentan un rezago enorme en materia de difusi\u00f3n y promoci\u00f3n. Puntualiz\u00f3 que se debe invertir de manera adecuada en la mejora y dignificaci\u00f3n de los espacios tur\u00edsticos de Veracruz, ya que a pesar de ser uno de los destinos por tradici\u00f3n m\u00e1s representativos del pa\u00eds, en los \u00faltimos a\u00f1os ha presentado un rezago significativo en actividades culturales, art\u00edsticas y de promoci\u00f3n de la historia del primer municipio en Am\u00e9rica: &#8220;Parece que tenemos en nuestro puerto, un Veracruz amurallado donde no se permite la entrada a la inversi\u00f3n p\u00fablica&#8221;\u2026 Entrevistado al final de esta reuni\u00f3n, el candidato a la diputaci\u00f3n local por el Distrito 14 del municipio de Veracruz, Fernando Arteaga Aponte, afirm\u00f3: &#8220;Jam\u00e1s ser\u00e9 comparsa ni levantadedos durante mi cargo de legislador&#8221;; tambi\u00e9n dej\u00f3 en claro que la mejor forma de responderle a los ciudadanos que le dar\u00e1n su voto el pr\u00f3ximo 6 de junio, ser\u00e1 siendo un diputado comprometido con las causas sociales, sin caer en la demagogia ni en el sometimiento a determinados grupos de poder\u2026 Otra muy activa, pero en Boca del R\u00edo, fue la candidata Nena de la Reguera, quien propuso un Paquete Alimentario Digno para madres solteras en reuni\u00f3n con empresarias boque\u00f1as: &#8220;Es necesario que las mujeres boque\u00f1as participemos activamente en todos los sectores de la sociedad, solo de esta manera se pueden construir econom\u00edas fuertes y sociedades igualitarias\u2026 Yo soy divorciada y en mi \u00e9poca en esos a\u00f1os no era bien visto que las mujeres trabajaran, en aquella \u00e9poca yo no tuve un apoyo, el pap\u00e1 de mis hijas es un hombre que no respondi\u00f3, si los hombres entendieran cuando est\u00e1n con una mujer emprendedora, har\u00edan un equipo y trabajar\u00edan muy bien, en mi caso no fue as\u00ed yo trabajaba, trabajaba y trabajaba y el cada vez trabajaba menos&#8221;\u2026 Vientos\u2026<\/p>\n\n\n\n<p><strong>LA \u00daLTIMA PORQUE ME ATASQU\u00c9 DE TACOS \u00c1RABES DEL VALEDOR: <\/strong>Que vieron muy mala onda la actitud de Miguel Chiquito y sus achichincles cuando no permitieron que ning\u00fan candidato panista o personaje representativo de ese partido se subiera al templete junto al dirigente nacional Marko Cort\u00e9s\u2026 As\u00ed con toda la soberbia y pedanter\u00eda, el equipo baj\u00f3 al candidato del PAN a la diputaci\u00f3n federal, Francisco Guti\u00e9rrez de Velasco Urtaza, quien fue literalmente bloqueado por el equipo de campa\u00f1a de Yunes M\u00e1rquez\u2026 Otro detalle que no pas\u00f3 desapercibido es que a los periodistas (como si hubiese venido un mandatario extranjero) los encerraron en un corralito lejos del dirigente nacional para evitar preguntas inc\u00f3modas de la prensa\u2026 Chale\u2026<\/p>\n","protected":false},"excerpt":{"rendered":"<p>@pablojair Polic\u00edas municipales romp\u00edan propaganda en Playa Vicente. El andar de los candidatos de Veracruz-Boca del R\u00edo. Sho quiero brillar solito; todos mokos y fuchi-caca: M. Chiquito. Alguien que le diga al secre Licha Villareal que los secuestradosno se buscan como llaves perdidas en el pastito.&#8211;Chopenjawer Desde esta columna \u2014que es de sus favoritas\u2014 ya [&hellip;]<\/p>\n","protected":false},"author":1,"featured_media":488,"comment_status":"open","ping_status":"open","sticky":false,"template":"","format":"standard","meta":{"_jetpack_memberships_contains_paid_content":false,"footnotes":""},"categories":[11],"tags":[],"class_list":["post-13982","post","type-post","status-publish","format-standard","has-post-thumbnail","hentry","category-opinion"],"jetpack_featured_media_url":"https:\/\/encuentroinformativo.com.mx\/wp-content\/uploads\/2020\/03\/F471F608-BA1A-416B-BA7B-BCFB24F4E6D0.jpeg","jetpack_sharing_enabled":true,"jetpack_likes_enabled":true,"amp_enabled":true,"_links":{"self":[{"href":"https:\/\/encuentroinformativo.com.mx\/index.php?rest_route=\/wp\/v2\/posts\/13982","targetHints":{"allow":["GET"]}}],"collection":[{"href":"https:\/\/encuentroinformativo.com.mx\/index.php?rest_route=\/wp\/v2\/posts"}],"about":[{"href":"https:\/\/encuentroinformativo.com.mx\/index.php?rest_route=\/wp\/v2\/types\/post"}],"author":[{"embeddable":true,"href":"https:\/\/encuentroinformativo.com.mx\/index.php?rest_route=\/wp\/v2\/users\/1"}],"replies":[{"embeddable":true,"href":"https:\/\/encuentroinformativo.com.mx\/index.php?rest_route=%2Fwp%2Fv2%2Fcomments&post=13982"}],"version-history":[{"count":1,"href":"https:\/\/encuentroinformativo.com.mx\/index.php?rest_route=\/wp\/v2\/posts\/13982\/revisions"}],"predecessor-version":[{"id":13983,"href":"https:\/\/encuentroinformativo.com.mx\/index.php?rest_route=\/wp\/v2\/posts\/13982\/revisions\/13983"}],"wp:featuredmedia":[{"embeddable":true,"href":"https:\/\/encuentroinformativo.com.mx\/index.php?rest_route=\/wp\/v2\/media\/488"}],"wp:attachment":[{"href":"https:\/\/encuentroinformativo.com.mx\/index.php?rest_route=%2Fwp%2Fv2%2Fmedia&parent=13982"}],"wp:term":[{"taxonomy":"category","embeddable":true,"href":"https:\/\/encuentroinformativo.com.mx\/index.php?rest_route=%2Fwp%2Fv2%2Fcategories&post=13982"},{"taxonomy":"post_tag","embeddable":true,"href":"https:\/\/encuentroinformativo.com.mx\/index.php?rest_route=%2Fwp%2Fv2%2Ftags&post=13982"}],"curies":[{"name":"wp","href":"https:\/\/api.w.org\/{rel}","templated":true}]}}