{"id":13986,"date":"2021-05-12T09:40:09","date_gmt":"2021-05-12T14:40:09","guid":{"rendered":"https:\/\/encuentroinformativo.com.mx\/?p=13986"},"modified":"2021-05-12T09:40:13","modified_gmt":"2021-05-12T14:40:13","slug":"acusan-irregularidades-en-caso-del-candidato-nicolas-n","status":"publish","type":"post","link":"https:\/\/encuentroinformativo.com.mx\/?p=13986","title":{"rendered":"Acusan irregularidades en caso del candidato Nicol\u00e1s  \u201cN\u201d"},"content":{"rendered":"\n<p><strong>Alejandro \u00c1vila<\/strong><\/p>\n\n\n\n<p>Boca del R\u00edo, Ver.- Fabiola Garc\u00eda Nieto, suplente de Nicol\u00e1s \u201dN\u201d, candidato a alcalde de Minatitl\u00e1n por la coalici\u00f3n &#8220;Veracruz Va&#8221;, acus\u00f3 que la Fiscal\u00eda General del Estado, trabaja de forma irregular en el caso y obstaculizan la defensa del a\u00fan candidato que se encuentra preso.<\/p>\n\n\n\n<p>Cabe recordar que Nicol\u00e1s \u201cN\u201d fue detenido semanas atr\u00e1s, y acusado de presunta privaci\u00f3n ilegal de la libertad y amenazas a una persona; hace unos d\u00edas, fue vinculado a proceso un a\u00f1o por un Juez y enviado a una carcel federal en el Estado de Oaxaca.<\/p>\n\n\n\n<p>&#8220;A \u00e9l se lo llevaron ilegalmente hasta Oaxaca y all\u00e1 est\u00e1 esperando que siga el proceso (\u2026) de hecho estamos haciendo campa\u00f1a por \u00e9l todo el equipo, no lo hemos dejado solo, la gente lo quiere en Minatitl\u00e1n y eso da mucha confianza de que va a obtener el triunfo&#8221;, apunt\u00f3.<\/p>\n\n\n\n<p>Este martes, Fabiola Garc\u00eda viaj\u00f3 hasta Boca del R\u00edo para poder platicar con el presidente nacional del PAN, Marko Cort\u00e9s y solicitarle que respalde la candidatura de Nicol\u00e1s \u201cN\u201d pues el equipo de trabajo contin\u00faa trabajando en la campa\u00f1a y buscan que la c\u00fapula nacional panista los respalde en su lucha.<\/p>\n\n\n\n<p>&#8220;S\u00ed hay muchas irregularidades desde el momento en que se lo llevaron a otro penal, desde ese momento que se lo llevaron del Estado, como para frenar y decir, aqu\u00ed no pasa nada y no hablen m\u00e1s&#8221;, remat\u00f3.<\/p>\n","protected":false},"excerpt":{"rendered":"<p>Alejandro \u00c1vila Boca del R\u00edo, Ver.- Fabiola Garc\u00eda Nieto, suplente de Nicol\u00e1s \u201dN\u201d, candidato a alcalde de Minatitl\u00e1n por la coalici\u00f3n &#8220;Veracruz Va&#8221;, acus\u00f3 que la Fiscal\u00eda General del Estado, trabaja de forma irregular en el caso y obstaculizan la defensa del a\u00fan candidato que se encuentra preso. Cabe recordar que Nicol\u00e1s \u201cN\u201d fue detenido [&hellip;]<\/p>\n","protected":false},"author":1,"featured_media":13987,"comment_status":"open","ping_status":"open","sticky":false,"template":"","format":"standard","meta":{"_jetpack_memberships_contains_paid_content":false,"footnotes":""},"categories":[2],"tags":[],"class_list":["post-13986","post","type-post","status-publish","format-standard","has-post-thumbnail","hentry","category-estado"],"jetpack_featured_media_url":"https:\/\/encuentroinformativo.com.mx\/wp-content\/uploads\/2021\/05\/013F7C83-2236-48F1-97D3-012BB50F2112.jpeg","jetpack_sharing_enabled":true,"jetpack_likes_enabled":true,"amp_enabled":true,"_links":{"self":[{"href":"https:\/\/encuentroinformativo.com.mx\/index.php?rest_route=\/wp\/v2\/posts\/13986","targetHints":{"allow":["GET"]}}],"collection":[{"href":"https:\/\/encuentroinformativo.com.mx\/index.php?rest_route=\/wp\/v2\/posts"}],"about":[{"href":"https:\/\/encuentroinformativo.com.mx\/index.php?rest_route=\/wp\/v2\/types\/post"}],"author":[{"embeddable":true,"href":"https:\/\/encuentroinformativo.com.mx\/index.php?rest_route=\/wp\/v2\/users\/1"}],"replies":[{"embeddable":true,"href":"https:\/\/encuentroinformativo.com.mx\/index.php?rest_route=%2Fwp%2Fv2%2Fcomments&post=13986"}],"version-history":[{"count":1,"href":"https:\/\/encuentroinformativo.com.mx\/index.php?rest_route=\/wp\/v2\/posts\/13986\/revisions"}],"predecessor-version":[{"id":13988,"href":"https:\/\/encuentroinformativo.com.mx\/index.php?rest_route=\/wp\/v2\/posts\/13986\/revisions\/13988"}],"wp:featuredmedia":[{"embeddable":true,"href":"https:\/\/encuentroinformativo.com.mx\/index.php?rest_route=\/wp\/v2\/media\/13987"}],"wp:attachment":[{"href":"https:\/\/encuentroinformativo.com.mx\/index.php?rest_route=%2Fwp%2Fv2%2Fmedia&parent=13986"}],"wp:term":[{"taxonomy":"category","embeddable":true,"href":"https:\/\/encuentroinformativo.com.mx\/index.php?rest_route=%2Fwp%2Fv2%2Fcategories&post=13986"},{"taxonomy":"post_tag","embeddable":true,"href":"https:\/\/encuentroinformativo.com.mx\/index.php?rest_route=%2Fwp%2Fv2%2Ftags&post=13986"}],"curies":[{"name":"wp","href":"https:\/\/api.w.org\/{rel}","templated":true}]}}