{"id":13989,"date":"2021-05-12T11:08:03","date_gmt":"2021-05-12T16:08:03","guid":{"rendered":"https:\/\/encuentroinformativo.com.mx\/?p=13989"},"modified":"2021-05-12T11:08:06","modified_gmt":"2021-05-12T16:08:06","slug":"aumentar-pension-para-adultos-sera-prioridad-segun-polo","status":"publish","type":"post","link":"https:\/\/encuentroinformativo.com.mx\/?p=13989","title":{"rendered":"Aumentar pensi\u00f3n para adultos ser\u00e1 prioridad, seg\u00fan Polo"},"content":{"rendered":"\n<p><strong>Alejandro \u00c1vila<\/strong><\/p>\n\n\n\n<p>Medell\u00edn de Bravo, Ver.- Tras conocerse que Gobierno del Estado regres\u00f3 recursos a la federaci\u00f3n y se dejaron de apoyar a los veracruzanos en diferentes rubros, el candidato a la diputaci\u00f3n local del distrito XVII por la alianza &#8220;Veracruz Va&#8221;, Hip\u00f3lito  Deschamps Espino Barros, buscar\u00e1 que el Congreso Local se apruebe un aumento de 800 pesos adicionales a los adultos mayores.<\/p>\n\n\n\n<p>&#8220;Como diputado local promover\u00e9 una iniciativa de Ley para que el Gobierno del Estado entregu\u00e9 800 pesos adicionales a los abuelitos veracruzanos&#8221;, se\u00f1al\u00f3 Espino Barros en video mostrado en sus redes sociales.<\/p>\n\n\n\n<p>Y agreg\u00f3, &#8220;el gobierno federal ya apoya a nuestros abuelitos, \u00bfpor qu\u00e9 el estado no?; mejor en lugar de regresar el recurso a la federaci\u00f3n, que se otorgue a nuestros adultos mayores que s\u00ed lo requieren&#8221;.<\/p>\n\n\n\n<p>Polo Deschamps, candidato de la alianza PAN-PRI-PRD, mantiene sus recorridos en los 10 municipios que conforman el Distrito Electoral XVII, donde los votantes ven con agrado las propuestas del ex alcalde de Medell\u00edn de Bravo.<\/p>\n","protected":false},"excerpt":{"rendered":"<p>Alejandro \u00c1vila Medell\u00edn de Bravo, Ver.- Tras conocerse que Gobierno del Estado regres\u00f3 recursos a la federaci\u00f3n y se dejaron de apoyar a los veracruzanos en diferentes rubros, el candidato a la diputaci\u00f3n local del distrito XVII por la alianza &#8220;Veracruz Va&#8221;, Hip\u00f3lito Deschamps Espino Barros, buscar\u00e1 que el Congreso Local se apruebe un aumento [&hellip;]<\/p>\n","protected":false},"author":1,"featured_media":13990,"comment_status":"open","ping_status":"open","sticky":false,"template":"","format":"standard","meta":{"_jetpack_memberships_contains_paid_content":false,"footnotes":""},"categories":[2],"tags":[],"class_list":["post-13989","post","type-post","status-publish","format-standard","has-post-thumbnail","hentry","category-estado"],"jetpack_featured_media_url":"https:\/\/encuentroinformativo.com.mx\/wp-content\/uploads\/2021\/05\/F5754C23-BAAA-4E71-AE01-45C337AB37C5.jpeg","jetpack_sharing_enabled":true,"jetpack_likes_enabled":true,"amp_enabled":true,"_links":{"self":[{"href":"https:\/\/encuentroinformativo.com.mx\/index.php?rest_route=\/wp\/v2\/posts\/13989","targetHints":{"allow":["GET"]}}],"collection":[{"href":"https:\/\/encuentroinformativo.com.mx\/index.php?rest_route=\/wp\/v2\/posts"}],"about":[{"href":"https:\/\/encuentroinformativo.com.mx\/index.php?rest_route=\/wp\/v2\/types\/post"}],"author":[{"embeddable":true,"href":"https:\/\/encuentroinformativo.com.mx\/index.php?rest_route=\/wp\/v2\/users\/1"}],"replies":[{"embeddable":true,"href":"https:\/\/encuentroinformativo.com.mx\/index.php?rest_route=%2Fwp%2Fv2%2Fcomments&post=13989"}],"version-history":[{"count":1,"href":"https:\/\/encuentroinformativo.com.mx\/index.php?rest_route=\/wp\/v2\/posts\/13989\/revisions"}],"predecessor-version":[{"id":13991,"href":"https:\/\/encuentroinformativo.com.mx\/index.php?rest_route=\/wp\/v2\/posts\/13989\/revisions\/13991"}],"wp:featuredmedia":[{"embeddable":true,"href":"https:\/\/encuentroinformativo.com.mx\/index.php?rest_route=\/wp\/v2\/media\/13990"}],"wp:attachment":[{"href":"https:\/\/encuentroinformativo.com.mx\/index.php?rest_route=%2Fwp%2Fv2%2Fmedia&parent=13989"}],"wp:term":[{"taxonomy":"category","embeddable":true,"href":"https:\/\/encuentroinformativo.com.mx\/index.php?rest_route=%2Fwp%2Fv2%2Fcategories&post=13989"},{"taxonomy":"post_tag","embeddable":true,"href":"https:\/\/encuentroinformativo.com.mx\/index.php?rest_route=%2Fwp%2Fv2%2Ftags&post=13989"}],"curies":[{"name":"wp","href":"https:\/\/api.w.org\/{rel}","templated":true}]}}