{"id":1399,"date":"2020-03-30T11:38:56","date_gmt":"2020-03-30T17:38:56","guid":{"rendered":"https:\/\/encuentroinformativo.com\/?p=1399"},"modified":"2020-03-30T18:22:47","modified_gmt":"2020-03-31T00:22:47","slug":"por-contingencia-restringen-accesos-a-mercado-de-coatepec","status":"publish","type":"post","link":"https:\/\/encuentroinformativo.com.mx\/?p=1399","title":{"rendered":"Por contingencia, restringen accesos a mercado de Coatepec"},"content":{"rendered":"\n<p><strong>Juan Arcos <\/strong><\/p>\n\n\n\n<p>Coatepec, Ver.- El ayuntamiento de Coatepec cerr\u00f3 cinco de los nueve accesos al mercado \u201cMiguel Rebolledo\u201d, como una medida para prevenir el contagio de COVID-19.<\/p>\n\n\n\n<p>Desde las 8:00 horas, el subdirector de Comercio, Gabriel Morales G\u00f3mez, instruy\u00f3 que se pegaran circulares en la fachada del recinto comercial, para que los vendedores estuviesen enterados de dichas acciones.<\/p>\n\n\n\n<p>Sin embargo, los locatarios consideraron que las medidas preventivas en el mercado afectar\u00edan a\u00fan m\u00e1s su econom\u00eda.<\/p>\n\n\n\n<p>De acuerdo con Rafael Ruiz Caba\u00f1as, vendedor de frutas y verduras desde hace 30 a\u00f1os en el mercado, las ventas han disminuido 40 por ciento por la contingencia sanitaria.<\/p>\n\n\n\n<p>\u201cSi hay afectaciones. De por s\u00ed ya se hab\u00eda generado el p\u00e1nico por el presunto cierre del mercado y ven una puerta cerrada, pues s\u00ed nos afecta\u201d.<\/p>\n\n\n\n<p>El entrevistado mencion\u00f3 que ha sido notaria una disminuci\u00f3n en la afluencia al interior del mercado, durante los \u00faltimos d\u00edas.<\/p>\n\n\n\n<p>Por tal motivo, \u00e9l y otros comerciantes comenzaron a entregar mercanc\u00eda a domicilio sin ning\u00fan costo extra.<\/p>\n\n\n\n<p>\u201cSi es fuera de la ciudad, vamos por mitad de lo que cobre un taxi, nosotros pagamos la mitad y el cliente la mitad, con tal de vender un poco\u201d.<\/p>\n\n\n\n<p>En la circular que se observa en la fachada del inmueble, se lee tambi\u00e9n que ser\u00e1n instaladas mesas de control, donde se limitar\u00e1 el acceso a s\u00f3lo una persona por familia.<\/p>\n\n\n\n<p>Adem\u00e1s, se entregar\u00e1 gel antibacterial e informaci\u00f3n sobre c\u00f3mo prevenir el contagio a los clientes.<\/p>\n\n\n\n<figure class=\"wp-block-image size-large\"><img loading=\"lazy\" decoding=\"async\" width=\"1600\" height=\"1117\" src=\"https:\/\/i1.wp.com\/encuentroinformativo.com\/wp-content\/uploads\/2020\/03\/855AF16D-5AC3-41CF-95CB-AD85067E3C0E.jpeg?fit=640%2C447&amp;ssl=1\" alt=\"\" class=\"wp-image-1429\" srcset=\"https:\/\/encuentroinformativo.com.mx\/wp-content\/uploads\/2020\/03\/855AF16D-5AC3-41CF-95CB-AD85067E3C0E.jpeg 1600w, https:\/\/encuentroinformativo.com.mx\/wp-content\/uploads\/2020\/03\/855AF16D-5AC3-41CF-95CB-AD85067E3C0E-300x209.jpeg 300w, https:\/\/encuentroinformativo.com.mx\/wp-content\/uploads\/2020\/03\/855AF16D-5AC3-41CF-95CB-AD85067E3C0E-1024x715.jpeg 1024w, https:\/\/encuentroinformativo.com.mx\/wp-content\/uploads\/2020\/03\/855AF16D-5AC3-41CF-95CB-AD85067E3C0E-768x536.jpeg 768w, https:\/\/encuentroinformativo.com.mx\/wp-content\/uploads\/2020\/03\/855AF16D-5AC3-41CF-95CB-AD85067E3C0E-1536x1072.jpeg 1536w\" sizes=\"auto, (max-width: 1600px) 100vw, 1600px\" \/><\/figure>\n","protected":false},"excerpt":{"rendered":"<p>Juan Arcos Coatepec, Ver.- El ayuntamiento de Coatepec cerr\u00f3 cinco de los nueve accesos al mercado \u201cMiguel Rebolledo\u201d, como una medida para prevenir el contagio de COVID-19. Desde las 8:00 horas, el subdirector de Comercio, Gabriel Morales G\u00f3mez, instruy\u00f3 que se pegaran circulares en la fachada del recinto comercial, para que los vendedores estuviesen enterados [&hellip;]<\/p>\n","protected":false},"author":1,"featured_media":1430,"comment_status":"open","ping_status":"open","sticky":false,"template":"","format":"standard","meta":{"_jetpack_memberships_contains_paid_content":false,"footnotes":""},"categories":[8],"tags":[],"class_list":["post-1399","post","type-post","status-publish","format-standard","has-post-thumbnail","hentry","category-region"],"jetpack_featured_media_url":"https:\/\/encuentroinformativo.com.mx\/wp-content\/uploads\/2020\/03\/B0BE9A74-6285-4467-BF1C-B037729A4AAF.jpeg","jetpack_sharing_enabled":true,"jetpack_likes_enabled":true,"amp_enabled":true,"_links":{"self":[{"href":"https:\/\/encuentroinformativo.com.mx\/index.php?rest_route=\/wp\/v2\/posts\/1399","targetHints":{"allow":["GET"]}}],"collection":[{"href":"https:\/\/encuentroinformativo.com.mx\/index.php?rest_route=\/wp\/v2\/posts"}],"about":[{"href":"https:\/\/encuentroinformativo.com.mx\/index.php?rest_route=\/wp\/v2\/types\/post"}],"author":[{"embeddable":true,"href":"https:\/\/encuentroinformativo.com.mx\/index.php?rest_route=\/wp\/v2\/users\/1"}],"replies":[{"embeddable":true,"href":"https:\/\/encuentroinformativo.com.mx\/index.php?rest_route=%2Fwp%2Fv2%2Fcomments&post=1399"}],"version-history":[{"count":2,"href":"https:\/\/encuentroinformativo.com.mx\/index.php?rest_route=\/wp\/v2\/posts\/1399\/revisions"}],"predecessor-version":[{"id":1431,"href":"https:\/\/encuentroinformativo.com.mx\/index.php?rest_route=\/wp\/v2\/posts\/1399\/revisions\/1431"}],"wp:featuredmedia":[{"embeddable":true,"href":"https:\/\/encuentroinformativo.com.mx\/index.php?rest_route=\/wp\/v2\/media\/1430"}],"wp:attachment":[{"href":"https:\/\/encuentroinformativo.com.mx\/index.php?rest_route=%2Fwp%2Fv2%2Fmedia&parent=1399"}],"wp:term":[{"taxonomy":"category","embeddable":true,"href":"https:\/\/encuentroinformativo.com.mx\/index.php?rest_route=%2Fwp%2Fv2%2Fcategories&post=1399"},{"taxonomy":"post_tag","embeddable":true,"href":"https:\/\/encuentroinformativo.com.mx\/index.php?rest_route=%2Fwp%2Fv2%2Ftags&post=1399"}],"curies":[{"name":"wp","href":"https:\/\/api.w.org\/{rel}","templated":true}]}}