{"id":13992,"date":"2021-05-12T11:42:58","date_gmt":"2021-05-12T16:42:58","guid":{"rendered":"https:\/\/encuentroinformativo.com.mx\/?p=13992"},"modified":"2021-05-12T11:43:02","modified_gmt":"2021-05-12T16:43:02","slug":"protestan-trabajadores-en-hospital-de-tarimoya","status":"publish","type":"post","link":"https:\/\/encuentroinformativo.com.mx\/?p=13992","title":{"rendered":"Protestan trabajadores en Hospital de Tarimoya"},"content":{"rendered":"\n<p><strong>Alejandro \u00c1vila<\/strong><\/p>\n\n\n\n<p>Veracruz, Ver.- Trabajadores del sector Salud del Hospital de Tarimoya se manifestaron esta ma\u00f1ana de miercoles, debido a presuntas violaciones al articulo 75 de la Ley Federal del Trabajo, pues acusa\u00a0 no les han dado sus descansos que corresponden por ley.<\/p>\n\n\n\n<p>Acusaron que a muchos empleados no les permitieron descansar el 25 de diciembre, 1 de enero, 1 de mayo, 5 de mayo, entre otros d\u00edas festivos, bajo el argumento de que no cumplian con las horas de trabajo necesarias para obtener descanso.<\/p>\n\n\n\n<p>Y cuando intentaron llevar sus quejas a las instancias correspondientes, les fue notificado que esta situaci\u00f3n se ver\u00eda hasta despu\u00e9s de las elecciones del 6 de junio, pues por el momento la p\u00e1gina de Internet donde deben elevar su queja, estaba inactiva.<\/p>\n\n\n\n<p>Se\u00f1alan que es el cien por ciento del personal el que se ve afectado, de \u00e1reas m\u00e9dicas y administrativas, quienes aseguran una vez pasadas las elecciones llevar\u00e1n su queja tambi\u00e9n, a la Junta de Conciliaci\u00f3n y Arbitraje.<\/p>\n\n\n\n<p>&#8220;Nos gustar\u00eda que las autoridades nos escucharan, si ven las pancartas estamos pidiendo al se\u00f1or Gobernador y al se\u00f1or secretario de Salud, atiendan el problema, porque esto se puede desbordar, son muchas ya, a los compa\u00f1eros les suspendieron vacaciones el a\u00f1o pasado por motivo de la pandemia, y toleraron de manera estoica y con poco personal, seguir atendiendo a los pacientes, y no es justo de ninguna manera lo que se les est\u00e1 haciendo&#8221;, resalt\u00f3 Teresa G\u00f3mez Mercado.<\/p>\n\n\n\n<figure class=\"wp-block-image size-large\"><img loading=\"lazy\" decoding=\"async\" width=\"750\" height=\"436\" src=\"https:\/\/encuentroinformativo.com.mx\/wp-content\/uploads\/2021\/05\/D08F544C-36BE-4EDD-93CA-90C065C030F5.jpeg\" alt=\"\" class=\"wp-image-13994\" srcset=\"https:\/\/encuentroinformativo.com.mx\/wp-content\/uploads\/2021\/05\/D08F544C-36BE-4EDD-93CA-90C065C030F5.jpeg 750w, https:\/\/encuentroinformativo.com.mx\/wp-content\/uploads\/2021\/05\/D08F544C-36BE-4EDD-93CA-90C065C030F5-300x174.jpeg 300w\" sizes=\"auto, (max-width: 750px) 100vw, 750px\" \/><\/figure>\n","protected":false},"excerpt":{"rendered":"<p>Alejandro \u00c1vila Veracruz, Ver.- Trabajadores del sector Salud del Hospital de Tarimoya se manifestaron esta ma\u00f1ana de miercoles, debido a presuntas violaciones al articulo 75 de la Ley Federal del Trabajo, pues acusa\u00a0 no les han dado sus descansos que corresponden por ley. Acusaron que a muchos empleados no les permitieron descansar el 25 de [&hellip;]<\/p>\n","protected":false},"author":1,"featured_media":13993,"comment_status":"open","ping_status":"open","sticky":false,"template":"","format":"standard","meta":{"_jetpack_memberships_contains_paid_content":false,"footnotes":""},"categories":[9],"tags":[],"class_list":["post-13992","post","type-post","status-publish","format-standard","has-post-thumbnail","hentry","category-salud"],"jetpack_featured_media_url":"https:\/\/encuentroinformativo.com.mx\/wp-content\/uploads\/2021\/05\/E3EFAAC9-02B3-4C0B-939A-1A9874C63C62.jpeg","jetpack_sharing_enabled":true,"jetpack_likes_enabled":true,"amp_enabled":true,"_links":{"self":[{"href":"https:\/\/encuentroinformativo.com.mx\/index.php?rest_route=\/wp\/v2\/posts\/13992","targetHints":{"allow":["GET"]}}],"collection":[{"href":"https:\/\/encuentroinformativo.com.mx\/index.php?rest_route=\/wp\/v2\/posts"}],"about":[{"href":"https:\/\/encuentroinformativo.com.mx\/index.php?rest_route=\/wp\/v2\/types\/post"}],"author":[{"embeddable":true,"href":"https:\/\/encuentroinformativo.com.mx\/index.php?rest_route=\/wp\/v2\/users\/1"}],"replies":[{"embeddable":true,"href":"https:\/\/encuentroinformativo.com.mx\/index.php?rest_route=%2Fwp%2Fv2%2Fcomments&post=13992"}],"version-history":[{"count":1,"href":"https:\/\/encuentroinformativo.com.mx\/index.php?rest_route=\/wp\/v2\/posts\/13992\/revisions"}],"predecessor-version":[{"id":13995,"href":"https:\/\/encuentroinformativo.com.mx\/index.php?rest_route=\/wp\/v2\/posts\/13992\/revisions\/13995"}],"wp:featuredmedia":[{"embeddable":true,"href":"https:\/\/encuentroinformativo.com.mx\/index.php?rest_route=\/wp\/v2\/media\/13993"}],"wp:attachment":[{"href":"https:\/\/encuentroinformativo.com.mx\/index.php?rest_route=%2Fwp%2Fv2%2Fmedia&parent=13992"}],"wp:term":[{"taxonomy":"category","embeddable":true,"href":"https:\/\/encuentroinformativo.com.mx\/index.php?rest_route=%2Fwp%2Fv2%2Fcategories&post=13992"},{"taxonomy":"post_tag","embeddable":true,"href":"https:\/\/encuentroinformativo.com.mx\/index.php?rest_route=%2Fwp%2Fv2%2Ftags&post=13992"}],"curies":[{"name":"wp","href":"https:\/\/api.w.org\/{rel}","templated":true}]}}