{"id":13996,"date":"2021-05-12T12:30:10","date_gmt":"2021-05-12T17:30:10","guid":{"rendered":"https:\/\/encuentroinformativo.com.mx\/?p=13996"},"modified":"2021-05-12T12:30:13","modified_gmt":"2021-05-12T17:30:13","slug":"pide-david-velasco-proteccion-para-candidatos","status":"publish","type":"post","link":"https:\/\/encuentroinformativo.com.mx\/?p=13996","title":{"rendered":"Pide David Velasco protecci\u00f3n para candidatos"},"content":{"rendered":"\n<p><strong>Dar\u00edo Pale<\/strong> <\/p>\n\n\n\n<p>Xalapa, Ver.- El candidato a la presidencia municipal de Xalapa por la coalici\u00f3n Va por Veracruz David Velasco Chedrahui dio a conocer que cuenta con informaci\u00f3n donde varios trabajadores fueron obligados a participar en la marcha de la &#8220;Unidad&#8221; el pasado fin de semana, adem\u00e1s de que el gobierno ya est\u00e1 demostrando que va a meter las manos en el proceso electoral.<\/p>\n\n\n\n<p>Entrevistado en conocido caf\u00e9 del centro de Xalapa se\u00f1al\u00f3 que los candidatos de Morena tanto que criticaban los esquemas anteriores ahora ellos est\u00e1n haciendo lo mismo, ya que forman a los trabajadores para que asistan a la marcha y para lo cual les dan una torta, pero la participaci\u00f3n debe de ser libre y eso no es bien visto por la ciudadan\u00eda.<\/p>\n\n\n\n<p>\u201cYo creo que hay m\u00e1s descontento porque esa gente sabe que es en horario que deben de estar con sus familias y los est\u00e1n obligando a marchar&#8221;, se\u00f1al\u00f3.<\/p>\n\n\n\n<p>En cuanto a las agresiones que han sufrido los candidatos, coment\u00f3 que estas campa\u00f1as son muy diferentes a las que le tocaron hace 10 a\u00f1os, y actualmente muchas campa\u00f1as son por medio de las redes sociales y medios electr\u00f3nicos, por lo que debe de existir protecci\u00f3n para los candidatos al igual que a los periodistas ya que Veracruz sigue siendo el n\u00famero uno con m\u00e1s reporteros asesinados, por lo que las autoridades deben garantizar el traslado de los candidatos.<\/p>\n\n\n\n<p>En otro orden de ideas en cuanto a la intromisi\u00f3n del gobierno federal en las elecciones y si el gobernador de Veracruz pueda hacer lo mismo coment\u00f3 que quiere que sean unas eleciones imparciales que se respete lo que el pueblo decida y no que las autoridades metan la mano como lo hizo en la marcha donde demostraron que van a meter las manos en el pr\u00f3ximo proceso electoral.<\/p>\n\n\n\n<p>Finalmente se\u00f1al\u00f3 muchas personas se le han acercado para externarle su inconformidad de que fueron obligados a marchar y es forzar una elecci\u00f3n y no tienen porque estarse metiendo las autoridades y afortunadamente hasta el momento no ha recibido ninguna amenaza pero si tiene el conocimiento de que a muchos candidatos los han amenazado.<\/p>\n","protected":false},"excerpt":{"rendered":"<p>Dar\u00edo Pale Xalapa, Ver.- El candidato a la presidencia municipal de Xalapa por la coalici\u00f3n Va por Veracruz David Velasco Chedrahui dio a conocer que cuenta con informaci\u00f3n donde varios trabajadores fueron obligados a participar en la marcha de la &#8220;Unidad&#8221; el pasado fin de semana, adem\u00e1s de que el gobierno ya est\u00e1 demostrando que [&hellip;]<\/p>\n","protected":false},"author":1,"featured_media":13997,"comment_status":"open","ping_status":"open","sticky":false,"template":"","format":"standard","meta":{"_jetpack_memberships_contains_paid_content":false,"footnotes":""},"categories":[3],"tags":[],"class_list":["post-13996","post","type-post","status-publish","format-standard","has-post-thumbnail","hentry","category-xalapa"],"jetpack_featured_media_url":"https:\/\/encuentroinformativo.com.mx\/wp-content\/uploads\/2021\/05\/A06E3BDF-8A7E-402A-8D5A-4E0C2EA4C29F.jpeg","jetpack_sharing_enabled":true,"jetpack_likes_enabled":true,"amp_enabled":true,"_links":{"self":[{"href":"https:\/\/encuentroinformativo.com.mx\/index.php?rest_route=\/wp\/v2\/posts\/13996","targetHints":{"allow":["GET"]}}],"collection":[{"href":"https:\/\/encuentroinformativo.com.mx\/index.php?rest_route=\/wp\/v2\/posts"}],"about":[{"href":"https:\/\/encuentroinformativo.com.mx\/index.php?rest_route=\/wp\/v2\/types\/post"}],"author":[{"embeddable":true,"href":"https:\/\/encuentroinformativo.com.mx\/index.php?rest_route=\/wp\/v2\/users\/1"}],"replies":[{"embeddable":true,"href":"https:\/\/encuentroinformativo.com.mx\/index.php?rest_route=%2Fwp%2Fv2%2Fcomments&post=13996"}],"version-history":[{"count":1,"href":"https:\/\/encuentroinformativo.com.mx\/index.php?rest_route=\/wp\/v2\/posts\/13996\/revisions"}],"predecessor-version":[{"id":13998,"href":"https:\/\/encuentroinformativo.com.mx\/index.php?rest_route=\/wp\/v2\/posts\/13996\/revisions\/13998"}],"wp:featuredmedia":[{"embeddable":true,"href":"https:\/\/encuentroinformativo.com.mx\/index.php?rest_route=\/wp\/v2\/media\/13997"}],"wp:attachment":[{"href":"https:\/\/encuentroinformativo.com.mx\/index.php?rest_route=%2Fwp%2Fv2%2Fmedia&parent=13996"}],"wp:term":[{"taxonomy":"category","embeddable":true,"href":"https:\/\/encuentroinformativo.com.mx\/index.php?rest_route=%2Fwp%2Fv2%2Fcategories&post=13996"},{"taxonomy":"post_tag","embeddable":true,"href":"https:\/\/encuentroinformativo.com.mx\/index.php?rest_route=%2Fwp%2Fv2%2Ftags&post=13996"}],"curies":[{"name":"wp","href":"https:\/\/api.w.org\/{rel}","templated":true}]}}