{"id":14005,"date":"2021-05-12T15:22:54","date_gmt":"2021-05-12T20:22:54","guid":{"rendered":"https:\/\/encuentroinformativo.com.mx\/?p=14005"},"modified":"2021-05-12T15:22:58","modified_gmt":"2021-05-12T20:22:58","slug":"no-me-escondere-en-san-lazaro-americo-zuniga","status":"publish","type":"post","link":"https:\/\/encuentroinformativo.com.mx\/?p=14005","title":{"rendered":"No me esconder\u00e9 en San L\u00e1zaro: Am\u00e9rico Z\u00fa\u00f1iga"},"content":{"rendered":"\n<p><strong>Dar\u00edo Pale<\/strong><\/p>\n\n\n\n<p>Xalapa, Ver.- Al asegurar que en Xalapa tendr\u00e1n una votaci\u00f3n mayoritaria el\u00a0candidato a la diputaci\u00f3n federal por la alianza \u00a1Va por M\u00e9xico!, Am\u00e9rico Z\u00fa\u00f1iga Mart\u00ednez, expres\u00f3 que no se esconder\u00e1 en San L\u00e1zaro como el actual legislador que busca la reelecci\u00f3n, Rafael Hern\u00e1ndez Villalpando.<\/p>\n\n\n\n<p>Entrevistado en los pasillos de conocido caf\u00e9 del centro de Xalapa se\u00f1al\u00f3 que,\u00a0&#8220;no van a votar en reelecci\u00f3n por quien nunca se preocup\u00f3 por ellos, no van a darle nuevamente el apoyo a quien despilfarr\u00f3 la confianza de los ciudadanos y se fue a esconder a San L\u00e1zaro&#8221;.<\/p>\n\n\n\n<p>&#8220;No van a votar por el mismo la \u00fanica opci\u00f3n de una propuesta honesta, real, viable, sustentada, que lleve la experiencia, trabajo a la representaci\u00f3n de los xalape\u00f1os, all\u00e1 donde se toman las decisiones m\u00e1s importante como es San L\u00e1zaro&#8221;, agreg\u00f3.<\/p>\n\n\n\n<p>Z\u00fa\u00f1iga Mart\u00ednez se dijo animado de tener todo el respaldo de los xalape\u00f1os hacia su propuesta porque ha demostrado el compromiso, el trabajo y los resultados, aunque\u00a0dijo que lo que teme es que sus hijos vivan en un pa\u00eds gobernado por la demagogia y crezcan en un pa\u00eds gobernado por el autoritarismo, donde no se permita pensar diferente, en donde se reprima y ataque a opositores pol\u00edticos.<\/p>\n\n\n\n<p>&#8220;Yo lo que necesito es que este pa\u00eds crezca en t\u00e9rminos democr\u00e1ticos, desarrollo y por su puesto que la viabilidad de Xalapa, de Veracruz y de M\u00e9xico sea una realidad&#8221;, finaliz\u00f3.<\/p>\n","protected":false},"excerpt":{"rendered":"<p>Dar\u00edo Pale Xalapa, Ver.- Al asegurar que en Xalapa tendr\u00e1n una votaci\u00f3n mayoritaria el\u00a0candidato a la diputaci\u00f3n federal por la alianza \u00a1Va por M\u00e9xico!, Am\u00e9rico Z\u00fa\u00f1iga Mart\u00ednez, expres\u00f3 que no se esconder\u00e1 en San L\u00e1zaro como el actual legislador que busca la reelecci\u00f3n, Rafael Hern\u00e1ndez Villalpando. Entrevistado en los pasillos de conocido caf\u00e9 del centro [&hellip;]<\/p>\n","protected":false},"author":1,"featured_media":14006,"comment_status":"open","ping_status":"open","sticky":false,"template":"","format":"standard","meta":{"_jetpack_memberships_contains_paid_content":false,"footnotes":""},"categories":[3],"tags":[],"class_list":["post-14005","post","type-post","status-publish","format-standard","has-post-thumbnail","hentry","category-xalapa"],"jetpack_featured_media_url":"https:\/\/encuentroinformativo.com.mx\/wp-content\/uploads\/2021\/05\/1FF8D7A8-F222-475C-9512-7B22110F8867.jpeg","jetpack_sharing_enabled":true,"jetpack_likes_enabled":true,"amp_enabled":true,"_links":{"self":[{"href":"https:\/\/encuentroinformativo.com.mx\/index.php?rest_route=\/wp\/v2\/posts\/14005","targetHints":{"allow":["GET"]}}],"collection":[{"href":"https:\/\/encuentroinformativo.com.mx\/index.php?rest_route=\/wp\/v2\/posts"}],"about":[{"href":"https:\/\/encuentroinformativo.com.mx\/index.php?rest_route=\/wp\/v2\/types\/post"}],"author":[{"embeddable":true,"href":"https:\/\/encuentroinformativo.com.mx\/index.php?rest_route=\/wp\/v2\/users\/1"}],"replies":[{"embeddable":true,"href":"https:\/\/encuentroinformativo.com.mx\/index.php?rest_route=%2Fwp%2Fv2%2Fcomments&post=14005"}],"version-history":[{"count":1,"href":"https:\/\/encuentroinformativo.com.mx\/index.php?rest_route=\/wp\/v2\/posts\/14005\/revisions"}],"predecessor-version":[{"id":14007,"href":"https:\/\/encuentroinformativo.com.mx\/index.php?rest_route=\/wp\/v2\/posts\/14005\/revisions\/14007"}],"wp:featuredmedia":[{"embeddable":true,"href":"https:\/\/encuentroinformativo.com.mx\/index.php?rest_route=\/wp\/v2\/media\/14006"}],"wp:attachment":[{"href":"https:\/\/encuentroinformativo.com.mx\/index.php?rest_route=%2Fwp%2Fv2%2Fmedia&parent=14005"}],"wp:term":[{"taxonomy":"category","embeddable":true,"href":"https:\/\/encuentroinformativo.com.mx\/index.php?rest_route=%2Fwp%2Fv2%2Fcategories&post=14005"},{"taxonomy":"post_tag","embeddable":true,"href":"https:\/\/encuentroinformativo.com.mx\/index.php?rest_route=%2Fwp%2Fv2%2Ftags&post=14005"}],"curies":[{"name":"wp","href":"https:\/\/api.w.org\/{rel}","templated":true}]}}