{"id":14008,"date":"2021-05-12T15:30:52","date_gmt":"2021-05-12T20:30:52","guid":{"rendered":"https:\/\/encuentroinformativo.com.mx\/?p=14008"},"modified":"2021-05-12T15:30:56","modified_gmt":"2021-05-12T20:30:56","slug":"esperan-resultados-positivos-ante-secuestro-de-marina-garay","status":"publish","type":"post","link":"https:\/\/encuentroinformativo.com.mx\/?p=14008","title":{"rendered":"Esperan resultados positivos ante secuestro de Marina Garay"},"content":{"rendered":"\n<p><strong>Dar\u00edo Pale <\/strong><\/p>\n\n\n\n<p>Xalapa, Ver.- No es por pensar mal\u00a0pero curiosamente les est\u00e1n &#8220;pegando&#8221; a actores pol\u00edticos importantes, ello en relaci\u00f3n al secuestro de Marina Garay, as\u00ed lo se\u00f1al\u00f3 el presiente estatal\u00a0del Partido de la Revoluci\u00f3n Democr\u00e1tica (PRD), Sergio Cadena Mart\u00ednez.<\/p>\n\n\n\n<p>Entrevistado en los pasillos de conocido caf\u00e9 del centro de Xalapa coment\u00f3 que,\u00a0&#8220;no quiero pensar mal, no quiero ser mal pensado, pero la verdad le est\u00e1n pegando a actores important\u00edsimos que si bien es cierto no est\u00e1n en este momento en la coalici\u00f3n, s\u00ed es un alcalde que no comulga con Morena&#8221;.<\/p>\n\n\n\n<p>El l\u00edder se pronunci\u00f3 porque el secuestro de la exalcaldesa de San Andr\u00e9s Tuxtla se resuelva de manera favorable y regrese con bien al lado de su familia, y se solidariza con sus familiares.<\/p>\n\n\n\n<p>Asimismo, con relaci\u00f3n al mensaje que envi\u00f3 el alcalde, Octavio P\u00e9rez Garay, para que el gobierno se retirara de la investigaci\u00f3n, dijo que si lo hace con tal de preservar la vida de su madre, &#8220;le doy la raz\u00f3n&#8221;.<\/p>\n\n\n\n<p>Cadena Mart\u00ednez afirm\u00f3 que la coalici\u00f3n entre PRI, PAN y PRD despert\u00f3 la conciencia de los ciudadanos y saben que su voto vale, que su voto cuenta.<\/p>\n\n\n\n<p>En ese sentido, estim\u00f3 que a pesar de los hechos delictivos o amenazas no habr\u00e1 una baja votaci\u00f3n, ya que la ciudadan\u00eda saldr\u00e1 a ejercer su voto para lo cual reiter\u00f3 que quieren piso parejo que el gobierno deje que los ciudadanos libremente decida quienes van a ser sus representantes populares.<\/p>\n\n\n\n<p>Finalmente se\u00f1al\u00f3 que esperan que el seis de junio sea una fiesta c\u00edvica donde el pueblo tenga la raz\u00f3n ya que sabr\u00e1 elegir ya que cuentan con muy buenos candidatos y candidatas.<\/p>\n","protected":false},"excerpt":{"rendered":"<p>Dar\u00edo Pale Xalapa, Ver.- No es por pensar mal\u00a0pero curiosamente les est\u00e1n &#8220;pegando&#8221; a actores pol\u00edticos importantes, ello en relaci\u00f3n al secuestro de Marina Garay, as\u00ed lo se\u00f1al\u00f3 el presiente estatal\u00a0del Partido de la Revoluci\u00f3n Democr\u00e1tica (PRD), Sergio Cadena Mart\u00ednez. Entrevistado en los pasillos de conocido caf\u00e9 del centro de Xalapa coment\u00f3 que,\u00a0&#8220;no quiero pensar [&hellip;]<\/p>\n","protected":false},"author":1,"featured_media":14009,"comment_status":"open","ping_status":"open","sticky":false,"template":"","format":"standard","meta":{"_jetpack_memberships_contains_paid_content":false,"footnotes":""},"categories":[2],"tags":[],"class_list":["post-14008","post","type-post","status-publish","format-standard","has-post-thumbnail","hentry","category-estado"],"jetpack_featured_media_url":"https:\/\/encuentroinformativo.com.mx\/wp-content\/uploads\/2021\/05\/C36FA0EB-BFD2-439E-8297-6DE8A0EBC25B.jpeg","jetpack_sharing_enabled":true,"jetpack_likes_enabled":true,"amp_enabled":true,"_links":{"self":[{"href":"https:\/\/encuentroinformativo.com.mx\/index.php?rest_route=\/wp\/v2\/posts\/14008","targetHints":{"allow":["GET"]}}],"collection":[{"href":"https:\/\/encuentroinformativo.com.mx\/index.php?rest_route=\/wp\/v2\/posts"}],"about":[{"href":"https:\/\/encuentroinformativo.com.mx\/index.php?rest_route=\/wp\/v2\/types\/post"}],"author":[{"embeddable":true,"href":"https:\/\/encuentroinformativo.com.mx\/index.php?rest_route=\/wp\/v2\/users\/1"}],"replies":[{"embeddable":true,"href":"https:\/\/encuentroinformativo.com.mx\/index.php?rest_route=%2Fwp%2Fv2%2Fcomments&post=14008"}],"version-history":[{"count":1,"href":"https:\/\/encuentroinformativo.com.mx\/index.php?rest_route=\/wp\/v2\/posts\/14008\/revisions"}],"predecessor-version":[{"id":14010,"href":"https:\/\/encuentroinformativo.com.mx\/index.php?rest_route=\/wp\/v2\/posts\/14008\/revisions\/14010"}],"wp:featuredmedia":[{"embeddable":true,"href":"https:\/\/encuentroinformativo.com.mx\/index.php?rest_route=\/wp\/v2\/media\/14009"}],"wp:attachment":[{"href":"https:\/\/encuentroinformativo.com.mx\/index.php?rest_route=%2Fwp%2Fv2%2Fmedia&parent=14008"}],"wp:term":[{"taxonomy":"category","embeddable":true,"href":"https:\/\/encuentroinformativo.com.mx\/index.php?rest_route=%2Fwp%2Fv2%2Fcategories&post=14008"},{"taxonomy":"post_tag","embeddable":true,"href":"https:\/\/encuentroinformativo.com.mx\/index.php?rest_route=%2Fwp%2Fv2%2Ftags&post=14008"}],"curies":[{"name":"wp","href":"https:\/\/api.w.org\/{rel}","templated":true}]}}