{"id":14014,"date":"2021-05-13T09:42:40","date_gmt":"2021-05-13T14:42:40","guid":{"rendered":"https:\/\/encuentroinformativo.com.mx\/?p=14014"},"modified":"2021-05-13T11:13:18","modified_gmt":"2021-05-13T16:13:18","slug":"exsome-lo-del-agua-al-ciudadano","status":"publish","type":"post","link":"https:\/\/encuentroinformativo.com.mx\/?p=14014","title":{"rendered":"Exsome\u2026 lo del agua, al ciudadano"},"content":{"rendered":"\n<p><strong>Los Pol\u00edticos<\/strong><\/p>\n\n\n\n<p><strong>Salvador Mu\u00f1oz<\/strong><\/p>\n\n\n\n<p>Seguridad P\u00fablica, alumbrado, obra p\u00fablica, servicios b\u00e1sicos\u2026 pueden ser los lugares comunes en que incurran los candidatos as\u00ed como los ciudadanos cuando se trata de externar las demandas que imperan en una ciudad\u2026<\/p>\n\n\n\n<p>En Xalapa, Emiliano Zapata, Veracruz, Boca del R\u00edo, Medell\u00edn, es curioso, pero hay un com\u00fan denominador entre los candidatos a los diferentes cargos de elecci\u00f3n popular: el agua\u2026 eso s\u00ed, con una ligera variante.<\/p>\n\n\n\n<p>Por ejemplo, en la capital veracruzana, el problema de abastecimiento se combina con la exhibida que cada aguacero genera a la falta de planeaci\u00f3n para evitar inundaciones ya no s\u00f3lo de calles y negocios, sino ahora, hasta de hogares. Por cierto, la candidata de Redes Sociales Progresistas, Itzel Jurado Ortiz, puso el dedo en la llaga al exponer que autoridades estatales y municipales, al permitir el arribo de \u201cparacaidistas\u201d en un predio que afectar\u00e1 las fuentes de agua al cambiar el uso del suelo, afectar\u00e1n el suministro del vital l\u00edquido a la Xalapa.<\/p>\n\n\n\n<p>Cosa contraria ocurre en Emiliano Zapata, donde se requiere de abastecimientos para temporada de sequ\u00eda. All\u00ed propuso Renato Alarc\u00f3n Guevara, tanques elevados para garantizar el suministro del vital l\u00edquido.<\/p>\n\n\n\n<p>Veracruz, Boca del R\u00edo y Medell\u00edn se cuecen aparte porque el problema va m\u00e1s all\u00e1 de lo que acontece en los anteriores municipios. El asunto se llama Grupo MAS.<\/p>\n\n\n\n<p>En estas elecciones, el Grupo MAS se volvi\u00f3 estandarte de los candidatos que buscan presidencias municipales, curules locales y federales\u2026 salvo por un ligero detalle: ya en agosto del a\u00f1o pasado, todo pintaba para que Morena abanderara esta causa que desde que se privatiz\u00f3 el sistema, nom\u00e1s no ha dado el ancho en su servicio, ya sin contar con el negro antecedente que permea a la empresa a la que relacionan con Odebrecht, la que a su vez, vinculan con turbios negocios de Javier Duarte de Ochoa y que de un modo u otro, igual alcanza a Enrique Pe\u00f1a Nieto cuando presidente.<\/p>\n\n\n\n<p>All\u00e1 por 2019, en las redes sociales circul\u00f3 la petici\u00f3n a Cuitl\u00e1huac Garc\u00eda, v\u00eda Change.org, para que retirara la concesi\u00f3n que por 30 a\u00f1os tiene el Grupo MAS para prestar este servicio que se ha caracterizado por ineficiente e insalubre, al grado de que representa para las familias de los tres municipios involucrados, graves riesgos para su salud\u2026 as\u00ed, de ese tama\u00f1o.<\/p>\n\n\n\n<p>Y si bien, los candidatos del PAN y del PRI hoy se le van a la yugular a Grupo MAS, los morenos se regodean record\u00e1ndoles que por Veracruz, uno de los alcaldes que m\u00e1s \u00e9nfasis puso a la desaparici\u00f3n del Sistema de Agua y Saneamiento fue Ram\u00f3n Poo Gil, ya sin contar la bancada pri\u00edsta que apoy\u00f3 la propuesta; y aunque en un inicio, Miguel \u00c1ngel Yunes M\u00e1rquez, en ese entonces alcalde de Boca del R\u00edo, estaba reacio a ello al final, acab\u00f3 por firmar tambi\u00e9n la extinci\u00f3n del SAS\u2026&nbsp; y al tiempo, se dio la concesi\u00f3n a Grupo MAS por 30 a\u00f1otes.<\/p>\n\n\n\n<p>Dos cosas:<\/p>\n\n\n\n<p>1.- SAS siempre funcion\u00f3 como una caja chica y agencia de colocaciones para el gobernador y alcaldes del partido en el poder, lo que llev\u00f3 de cierto modo, a un mal servicio y al quiebre de las finanzas del Sistema.<\/p>\n\n\n\n<p>2.- Grupo MAS, en teor\u00eda, era una buena idea, y harto ambiciosa para los \u00e1vidos ciudadanos porte\u00f1os de un buen servicio, pero con el arribo de esta empresa ligada a Odebrecht, los problemas no se acabaron, \u00a1se intensificaron!<\/p>\n\n\n\n<p>A una semana de iniciadas las campa\u00f1as electorales, el candidato moreno por la alcald\u00eda porte\u00f1a, Ricardo Exsome Zapata, advirti\u00f3 que, de favorecerle el voto de los ciudadanos, requisar\u00e1 Grupo MAS.<\/p>\n\n\n\n<p>\u00bfEl porqu\u00e9 tal verbo, Requisar, lo emplea Exsome? Ah, porque mientras los otros hablan de exigir, vigilar, revisar, el Moreno lo hace m\u00e1s f\u00e1cil: retirarle la concesi\u00f3n por el inter\u00e9s p\u00fablico, social, la concesi\u00f3n a Grupo MAS.<\/p>\n\n\n\n<p>Tal anuncio, por supuesto, agrada al porte\u00f1o, al boque\u00f1o y al de Medell\u00edn, que perciben el servicio de Grupo MAS, como un problema social de grandes dimensiones y abona a la pretensi\u00f3n del moreno con miras a la alcald\u00eda porte\u00f1a\u2026 lo del agua, \u00a1al agua y al ciudadano!<\/p>\n\n\n\n<p><a href=\"mailto:smcainito@gmail.com\" target=\"_blank\" rel=\"noreferrer noopener\">smcainito@gmail.com<\/a><\/p>\n","protected":false},"excerpt":{"rendered":"<p>Los Pol\u00edticos Salvador Mu\u00f1oz Seguridad P\u00fablica, alumbrado, obra p\u00fablica, servicios b\u00e1sicos\u2026 pueden ser los lugares comunes en que incurran los candidatos as\u00ed como los ciudadanos cuando se trata de externar las demandas que imperan en una ciudad\u2026 En Xalapa, Emiliano Zapata, Veracruz, Boca del R\u00edo, Medell\u00edn, es curioso, pero hay un com\u00fan denominador entre los [&hellip;]<\/p>\n","protected":false},"author":1,"featured_media":70,"comment_status":"open","ping_status":"open","sticky":false,"template":"","format":"standard","meta":{"_jetpack_memberships_contains_paid_content":false,"footnotes":""},"categories":[11],"tags":[],"class_list":["post-14014","post","type-post","status-publish","format-standard","has-post-thumbnail","hentry","category-opinion"],"jetpack_featured_media_url":"https:\/\/encuentroinformativo.com.mx\/wp-content\/uploads\/2020\/02\/opinion-invitado.jpg","jetpack_sharing_enabled":true,"jetpack_likes_enabled":true,"amp_enabled":true,"_links":{"self":[{"href":"https:\/\/encuentroinformativo.com.mx\/index.php?rest_route=\/wp\/v2\/posts\/14014","targetHints":{"allow":["GET"]}}],"collection":[{"href":"https:\/\/encuentroinformativo.com.mx\/index.php?rest_route=\/wp\/v2\/posts"}],"about":[{"href":"https:\/\/encuentroinformativo.com.mx\/index.php?rest_route=\/wp\/v2\/types\/post"}],"author":[{"embeddable":true,"href":"https:\/\/encuentroinformativo.com.mx\/index.php?rest_route=\/wp\/v2\/users\/1"}],"replies":[{"embeddable":true,"href":"https:\/\/encuentroinformativo.com.mx\/index.php?rest_route=%2Fwp%2Fv2%2Fcomments&post=14014"}],"version-history":[{"count":1,"href":"https:\/\/encuentroinformativo.com.mx\/index.php?rest_route=\/wp\/v2\/posts\/14014\/revisions"}],"predecessor-version":[{"id":14015,"href":"https:\/\/encuentroinformativo.com.mx\/index.php?rest_route=\/wp\/v2\/posts\/14014\/revisions\/14015"}],"wp:featuredmedia":[{"embeddable":true,"href":"https:\/\/encuentroinformativo.com.mx\/index.php?rest_route=\/wp\/v2\/media\/70"}],"wp:attachment":[{"href":"https:\/\/encuentroinformativo.com.mx\/index.php?rest_route=%2Fwp%2Fv2%2Fmedia&parent=14014"}],"wp:term":[{"taxonomy":"category","embeddable":true,"href":"https:\/\/encuentroinformativo.com.mx\/index.php?rest_route=%2Fwp%2Fv2%2Fcategories&post=14014"},{"taxonomy":"post_tag","embeddable":true,"href":"https:\/\/encuentroinformativo.com.mx\/index.php?rest_route=%2Fwp%2Fv2%2Ftags&post=14014"}],"curies":[{"name":"wp","href":"https:\/\/api.w.org\/{rel}","templated":true}]}}