{"id":14018,"date":"2021-05-13T11:05:51","date_gmt":"2021-05-13T16:05:51","guid":{"rendered":"https:\/\/encuentroinformativo.com.mx\/?p=14018"},"modified":"2021-05-13T11:05:54","modified_gmt":"2021-05-13T16:05:54","slug":"programas-federales-afectaron-a-mujeres-ingram","status":"publish","type":"post","link":"https:\/\/encuentroinformativo.com.mx\/?p=14018","title":{"rendered":"Programas federales afectaron a mujeres: Ingram"},"content":{"rendered":"\n<p><strong>Alejandro \u00c1vila<\/strong><\/p>\n\n\n\n<p>Veracruz, Ver.- Desde que Gobierno Federal decidi\u00f3 eliminar varios programas sociales, uno de los sectores m\u00e1s afectados fueron las mujeres, y en Veracruz, 623 mil mujeres jefas de familia fueron \u201cborradas de un plumazo\u201d del presupuesto federal, sentenci\u00f3 la coordinadora estatal del programa Recupera, Anil\u00fa Ingram Vallines.<\/p>\n\n\n\n<p>Mencion\u00f3 que la desaparici\u00f3n los programas Tres por Uno a Migrantes, Empleo Temporal, los apoyos al campo, afectaron la econom\u00eda de los ciudadanos y mermaron la producci\u00f3n del sector primario, pero entre lo m\u00e1s lamentable, fue que a Gobierno Federal poco le import\u00f3 la ni\u00f1ez de Veracruz.<\/p>\n\n\n\n<p>\u201cAlrededor de 25 mil ni\u00f1as o ni\u00f1os en el Estado fueron afectados, recordemos que atr\u00e1s de cada ni\u00f1a y de cada ni\u00f1o hay una madre trabajadora, un padre trabajador en situaci\u00f3n de vulnerabilidad, y que a trav\u00e9s de las estancias infantiles ellos pod\u00edan recibir una educaci\u00f3n integral, era un programa avalado por la Organizaci\u00f3n de las Naciones Unidas\u201d, subray\u00f3.<\/p>\n\n\n\n<p>En breve entrevista tras recorrer las colonias Francisco Pineda, 16 de Septiembre, Las Torres, Santa Teresa y Lomas de \u00c1ngel, expuso que la inquietud de las mujeres de la zona es recuperar el programa Prospera y las Estancias Infantiles, acciones que se comprometi\u00f3 a defender en caso de lograr ingresar al Congreso Local.<\/p>\n\n\n\n<p>\u201cSi la gente tiene\u00a0 a bien darnos la oportunidad desde el Congreso del Estado defender el presupuesto para devolver Prospera, para devolverles a cada una de ellas las garant\u00edas, pero sobre todo que se respeten sus derechos, la salud, que se respete la educaci\u00f3n de sus hijos, y que se respete que tengan comida diaria en sus hogares\u201d, apunt\u00f3.<\/p>\n\n\n\n<p>La veracruzana, aclar\u00f3 que en caso de que los candidatos de la alianza \u201cVeracruz Va\u201d y \u201cM\u00e9xico Va\u201d salgan favorecidos con el voto, no existe la intenci\u00f3n de quitar los programas sociales que recientemente se crearon para apoyo a la sociedad m\u00e1s vulnerable, en cambio se buscar\u00e1 mejorar cada uno de ellos, organizando de mejor manera su distribuci\u00f3n y teniendo medici\u00f3n real de su correcto funcionamiento.<\/p>\n","protected":false},"excerpt":{"rendered":"<p>Alejandro \u00c1vila Veracruz, Ver.- Desde que Gobierno Federal decidi\u00f3 eliminar varios programas sociales, uno de los sectores m\u00e1s afectados fueron las mujeres, y en Veracruz, 623 mil mujeres jefas de familia fueron \u201cborradas de un plumazo\u201d del presupuesto federal, sentenci\u00f3 la coordinadora estatal del programa Recupera, Anil\u00fa Ingram Vallines. Mencion\u00f3 que la desaparici\u00f3n los programas [&hellip;]<\/p>\n","protected":false},"author":1,"featured_media":14019,"comment_status":"open","ping_status":"open","sticky":false,"template":"","format":"standard","meta":{"_jetpack_memberships_contains_paid_content":false,"footnotes":""},"categories":[2],"tags":[],"class_list":["post-14018","post","type-post","status-publish","format-standard","has-post-thumbnail","hentry","category-estado"],"jetpack_featured_media_url":"https:\/\/encuentroinformativo.com.mx\/wp-content\/uploads\/2021\/05\/12247A71-ED70-4081-A4AF-FC1ACF9306C8.jpeg","jetpack_sharing_enabled":true,"jetpack_likes_enabled":true,"amp_enabled":true,"_links":{"self":[{"href":"https:\/\/encuentroinformativo.com.mx\/index.php?rest_route=\/wp\/v2\/posts\/14018","targetHints":{"allow":["GET"]}}],"collection":[{"href":"https:\/\/encuentroinformativo.com.mx\/index.php?rest_route=\/wp\/v2\/posts"}],"about":[{"href":"https:\/\/encuentroinformativo.com.mx\/index.php?rest_route=\/wp\/v2\/types\/post"}],"author":[{"embeddable":true,"href":"https:\/\/encuentroinformativo.com.mx\/index.php?rest_route=\/wp\/v2\/users\/1"}],"replies":[{"embeddable":true,"href":"https:\/\/encuentroinformativo.com.mx\/index.php?rest_route=%2Fwp%2Fv2%2Fcomments&post=14018"}],"version-history":[{"count":1,"href":"https:\/\/encuentroinformativo.com.mx\/index.php?rest_route=\/wp\/v2\/posts\/14018\/revisions"}],"predecessor-version":[{"id":14020,"href":"https:\/\/encuentroinformativo.com.mx\/index.php?rest_route=\/wp\/v2\/posts\/14018\/revisions\/14020"}],"wp:featuredmedia":[{"embeddable":true,"href":"https:\/\/encuentroinformativo.com.mx\/index.php?rest_route=\/wp\/v2\/media\/14019"}],"wp:attachment":[{"href":"https:\/\/encuentroinformativo.com.mx\/index.php?rest_route=%2Fwp%2Fv2%2Fmedia&parent=14018"}],"wp:term":[{"taxonomy":"category","embeddable":true,"href":"https:\/\/encuentroinformativo.com.mx\/index.php?rest_route=%2Fwp%2Fv2%2Fcategories&post=14018"},{"taxonomy":"post_tag","embeddable":true,"href":"https:\/\/encuentroinformativo.com.mx\/index.php?rest_route=%2Fwp%2Fv2%2Ftags&post=14018"}],"curies":[{"name":"wp","href":"https:\/\/api.w.org\/{rel}","templated":true}]}}