{"id":14022,"date":"2021-05-13T11:58:58","date_gmt":"2021-05-13T16:58:58","guid":{"rendered":"https:\/\/encuentroinformativo.com.mx\/?p=14022"},"modified":"2021-05-13T11:59:03","modified_gmt":"2021-05-13T16:59:03","slug":"renuncia-coordinadora-de-mujeres-en-redes-progresistas","status":"publish","type":"post","link":"https:\/\/encuentroinformativo.com.mx\/?p=14022","title":{"rendered":"Renuncia coordinadora de mujeres en Redes Progresistas"},"content":{"rendered":"\n<p><strong>Juan Arcos<\/strong><\/p>\n\n\n\n<p>Xalapa, Ver.- Mathi Aguilar renunci\u00f3 a su cargo como coordinadora municipal de mujeres en Redes Sociales Progresistas (RSP) para sumarse al proyecto pol\u00edtico del empresario David Velasco Chedraui, candidato a la alcald\u00eda de Xalapa por la alianza \u201cVeracruz Va\u201d.<\/p>\n\n\n\n<p>La mujer fue precandidata de dicho partido a la diputaci\u00f3n local por el distrito XI de Xalapa; sin embargo, por situaciones ajenas a su persona y a su equipo cercano de trabajo no obtuvo la candidatura.<\/p>\n\n\n\n<p>La empresaria dijo estar convencida de que el desarrollo econ\u00f3mico depende de los emprendedores, ya que el 80 por ciento de la poblaci\u00f3n xalape\u00f1a trabaja y percibe ingresos econ\u00f3micos de las peque\u00f1as y medianas empresas.<\/p>\n\n\n\n<p>\u201cSin embargo, el gobierno no las est\u00e1 apoyando (a las empresas), se quitaron los fondos, no hay beneficios, no hay cr\u00e9ditos hacia este sector, es por eso que el d\u00eda de hoy uno al proyecto ganador de David Velasco Chedraui, ya que \u00e9l, desde sus propuestas, se est\u00e1 dirigiendo a este grupo\u201d.<\/p>\n\n\n\n<p>En conferencia de prensa, record\u00f3 que el candidato de la alianza entre los partidos Revolucionario Institucional (PRI), Partido Acci\u00f3n Nacional (PAN) y de la Revoluci\u00f3n Democr\u00e1tica (PRD) plantea la creaci\u00f3n del Instituto de las y los Emprendedores, donde tambi\u00e9n se fomentar\u00e1 \u00e9l empoderamiento de la mujer.<\/p>\n\n\n\n<p>\u201cPor eso yo invito a la poblaci\u00f3n que si realmente quiere un cambio verdadero vayamos por David, ya que es el proyecto ganador y con \u00e9l Xalapa Va, y vamos a cambiar la econom\u00eda, vamos a bajar fondos y vamos a mejorar, abri\u00e9ndonos a nuevas oportunidades\u201d.<\/p>\n\n\n\n<p>Mathi Aguilar admiti\u00f3 que hay m\u00e1s precandidatas y precandidatos que abandonaron el proyecto pol\u00edtico, toda vez que Redes Sociales Progresistas es un partido de reciente creaci\u00f3n y ha habido cambios en la designaci\u00f3n de las candidaturas.<\/p>\n\n\n\n<p>La empresaria consider\u00f3 que se ha fortalecido el proyecto pol\u00edtico del exalcalde de Xalapa, David Velasco Chedraui, situaci\u00f3n que podr\u00eda ser decisiva en las votaciones del pr\u00f3ximo domingo 6 de junio.\u00a0<\/p>\n","protected":false},"excerpt":{"rendered":"<p>Juan Arcos Xalapa, Ver.- Mathi Aguilar renunci\u00f3 a su cargo como coordinadora municipal de mujeres en Redes Sociales Progresistas (RSP) para sumarse al proyecto pol\u00edtico del empresario David Velasco Chedraui, candidato a la alcald\u00eda de Xalapa por la alianza \u201cVeracruz Va\u201d. La mujer fue precandidata de dicho partido a la diputaci\u00f3n local por el distrito [&hellip;]<\/p>\n","protected":false},"author":1,"featured_media":14023,"comment_status":"open","ping_status":"open","sticky":false,"template":"","format":"standard","meta":{"_jetpack_memberships_contains_paid_content":false,"footnotes":""},"categories":[3],"tags":[],"class_list":["post-14022","post","type-post","status-publish","format-standard","has-post-thumbnail","hentry","category-xalapa"],"jetpack_featured_media_url":"https:\/\/encuentroinformativo.com.mx\/wp-content\/uploads\/2021\/05\/31FF74AA-17FF-4DD2-AF34-27F33CF60FCE.jpeg","jetpack_sharing_enabled":true,"jetpack_likes_enabled":true,"amp_enabled":true,"_links":{"self":[{"href":"https:\/\/encuentroinformativo.com.mx\/index.php?rest_route=\/wp\/v2\/posts\/14022","targetHints":{"allow":["GET"]}}],"collection":[{"href":"https:\/\/encuentroinformativo.com.mx\/index.php?rest_route=\/wp\/v2\/posts"}],"about":[{"href":"https:\/\/encuentroinformativo.com.mx\/index.php?rest_route=\/wp\/v2\/types\/post"}],"author":[{"embeddable":true,"href":"https:\/\/encuentroinformativo.com.mx\/index.php?rest_route=\/wp\/v2\/users\/1"}],"replies":[{"embeddable":true,"href":"https:\/\/encuentroinformativo.com.mx\/index.php?rest_route=%2Fwp%2Fv2%2Fcomments&post=14022"}],"version-history":[{"count":1,"href":"https:\/\/encuentroinformativo.com.mx\/index.php?rest_route=\/wp\/v2\/posts\/14022\/revisions"}],"predecessor-version":[{"id":14024,"href":"https:\/\/encuentroinformativo.com.mx\/index.php?rest_route=\/wp\/v2\/posts\/14022\/revisions\/14024"}],"wp:featuredmedia":[{"embeddable":true,"href":"https:\/\/encuentroinformativo.com.mx\/index.php?rest_route=\/wp\/v2\/media\/14023"}],"wp:attachment":[{"href":"https:\/\/encuentroinformativo.com.mx\/index.php?rest_route=%2Fwp%2Fv2%2Fmedia&parent=14022"}],"wp:term":[{"taxonomy":"category","embeddable":true,"href":"https:\/\/encuentroinformativo.com.mx\/index.php?rest_route=%2Fwp%2Fv2%2Fcategories&post=14022"},{"taxonomy":"post_tag","embeddable":true,"href":"https:\/\/encuentroinformativo.com.mx\/index.php?rest_route=%2Fwp%2Fv2%2Ftags&post=14022"}],"curies":[{"name":"wp","href":"https:\/\/api.w.org\/{rel}","templated":true}]}}