{"id":14036,"date":"2021-05-13T14:55:42","date_gmt":"2021-05-13T19:55:42","guid":{"rendered":"https:\/\/encuentroinformativo.com.mx\/?p=14036"},"modified":"2021-05-13T14:55:46","modified_gmt":"2021-05-13T19:55:46","slug":"reportan-2-de-pacientes-pediatricos-con-covid","status":"publish","type":"post","link":"https:\/\/encuentroinformativo.com.mx\/?p=14036","title":{"rendered":"Reportan 2% de pacientes pedi\u00e1tricos con Covid"},"content":{"rendered":"\n<p><strong>Alejandro \u00c1vila<\/strong><\/p>\n\n\n\n<p>Veracruz, Ver.- Tan solo el 2 por ciento de los pacientes pedi\u00e1tricos han sufrido de COVID-19, inform\u00f3 Miguel \u00c1ngel Medina \u00c1valos,&nbsp; presidente de la Asociaci\u00f3n Pedi\u00e1trica de Veracruz; al tiempo que aclar\u00f3 que la poblaci\u00f3n en riesgo es adultos de 40 a\u00f1os en adelante.<\/p>\n\n\n\n<p>&#8220;El porcentaje en pediatr\u00eda ha sido muy m\u00ednimo, s\u00ed hemos tenido (\u2026) Menos del 2 por ciento de la poblaci\u00f3n&#8221;, asever\u00f3.<\/p>\n\n\n\n<p>De la misma manera, confirm\u00f3 han tenido casos de mujeres embarazadas que presentan la enfermedad, pero gracias a los cuidados y la seriedad con que toman el tratamiento, han salido avante.<\/p>\n\n\n\n<p>En ese sentido, mencion\u00f3 que las mujeres con embarazo tambi\u00e9n deben considerarse como prioridad, pues deben inmunizarse lo antes posible para evitar riesgos.<\/p>\n\n\n\n<p>Finalmente y con respecto al presunto regreso a clases de forma presencial, expuso que lo ideal es que toda la poblaci\u00f3n este vacunada, por lo que a su opini\u00f3n respecta, ser\u00eda mejor esperar al mes de agosto e iniciar un nuevo ciclo escolar, a fin de implementar todas las medidas necesarias para que no haya contagios.<\/p>\n","protected":false},"excerpt":{"rendered":"<p>Alejandro \u00c1vila Veracruz, Ver.- Tan solo el 2 por ciento de los pacientes pedi\u00e1tricos han sufrido de COVID-19, inform\u00f3 Miguel \u00c1ngel Medina \u00c1valos,&nbsp; presidente de la Asociaci\u00f3n Pedi\u00e1trica de Veracruz; al tiempo que aclar\u00f3 que la poblaci\u00f3n en riesgo es adultos de 40 a\u00f1os en adelante. &#8220;El porcentaje en pediatr\u00eda ha sido muy m\u00ednimo, s\u00ed [&hellip;]<\/p>\n","protected":false},"author":1,"featured_media":14037,"comment_status":"open","ping_status":"open","sticky":false,"template":"","format":"standard","meta":{"_jetpack_memberships_contains_paid_content":false,"footnotes":""},"categories":[9],"tags":[],"class_list":["post-14036","post","type-post","status-publish","format-standard","has-post-thumbnail","hentry","category-salud"],"jetpack_featured_media_url":"https:\/\/encuentroinformativo.com.mx\/wp-content\/uploads\/2021\/05\/F964E13C-A4B6-40AA-AC61-B1C2796720D1.jpeg","jetpack_sharing_enabled":true,"jetpack_likes_enabled":true,"amp_enabled":true,"_links":{"self":[{"href":"https:\/\/encuentroinformativo.com.mx\/index.php?rest_route=\/wp\/v2\/posts\/14036","targetHints":{"allow":["GET"]}}],"collection":[{"href":"https:\/\/encuentroinformativo.com.mx\/index.php?rest_route=\/wp\/v2\/posts"}],"about":[{"href":"https:\/\/encuentroinformativo.com.mx\/index.php?rest_route=\/wp\/v2\/types\/post"}],"author":[{"embeddable":true,"href":"https:\/\/encuentroinformativo.com.mx\/index.php?rest_route=\/wp\/v2\/users\/1"}],"replies":[{"embeddable":true,"href":"https:\/\/encuentroinformativo.com.mx\/index.php?rest_route=%2Fwp%2Fv2%2Fcomments&post=14036"}],"version-history":[{"count":1,"href":"https:\/\/encuentroinformativo.com.mx\/index.php?rest_route=\/wp\/v2\/posts\/14036\/revisions"}],"predecessor-version":[{"id":14038,"href":"https:\/\/encuentroinformativo.com.mx\/index.php?rest_route=\/wp\/v2\/posts\/14036\/revisions\/14038"}],"wp:featuredmedia":[{"embeddable":true,"href":"https:\/\/encuentroinformativo.com.mx\/index.php?rest_route=\/wp\/v2\/media\/14037"}],"wp:attachment":[{"href":"https:\/\/encuentroinformativo.com.mx\/index.php?rest_route=%2Fwp%2Fv2%2Fmedia&parent=14036"}],"wp:term":[{"taxonomy":"category","embeddable":true,"href":"https:\/\/encuentroinformativo.com.mx\/index.php?rest_route=%2Fwp%2Fv2%2Fcategories&post=14036"},{"taxonomy":"post_tag","embeddable":true,"href":"https:\/\/encuentroinformativo.com.mx\/index.php?rest_route=%2Fwp%2Fv2%2Ftags&post=14036"}],"curies":[{"name":"wp","href":"https:\/\/api.w.org\/{rel}","templated":true}]}}