{"id":14042,"date":"2021-05-13T15:07:45","date_gmt":"2021-05-13T20:07:45","guid":{"rendered":"https:\/\/encuentroinformativo.com.mx\/?p=14042"},"modified":"2021-05-13T15:07:49","modified_gmt":"2021-05-13T20:07:49","slug":"comienzan-musicos-a-reanudar-actividades","status":"publish","type":"post","link":"https:\/\/encuentroinformativo.com.mx\/?p=14042","title":{"rendered":"Comienzan m\u00fasicos a reanudar actividades"},"content":{"rendered":"\n<p><strong>Dar\u00edo Pale<\/strong> <\/p>\n\n\n\n<p>Xalapa, Ver.- Gracias a que el sem\u00e1foro epidemiol\u00f3gico se encuentra en color verde y amarillo en la mayor\u00eda de los municipios del estado, el\u00a0diez por ciento de los m\u00fasicos en Veracruz ya reanud\u00f3 sus actividades, as\u00ed lo se\u00f1al\u00f3\u00a0el secretario general del Sindicato de Filarm\u00f3nicos en el estado, Jos\u00e9 Luis Ram\u00edrez Reyes.<\/p>\n\n\n\n<p>Entrevistado en las calles del centro de la capital del estado dio a conocer que,\u00a0&#8220;un diez por ciento ya est\u00e1n trabajando. Tiene 15 d\u00edas aproximadamente, que se empieza a reportar un alza&#8221;.<\/p>\n\n\n\n<p>Dio a conocer que afortunadamente\u00a0algunos m\u00fasicos que llevaban m\u00e1s de un a\u00f1o sin generar ingresos por las restricciones de la pandemia, ya empiezan a trabajar, aunque muy lento. &#8220;Se ve un poquito de luz al final del t\u00fanel&#8221; se\u00f1al\u00f3.<\/p>\n\n\n\n<p>Finalmente dio a conocer que para las campa\u00f1as no los contrataron ya que ahora son m\u00e1s de recorrer que hacer eventos masivos, se han presentado con los candidatos para hacerles algunas propuestas pero hasta el momento no les han llamado.<\/p>\n","protected":false},"excerpt":{"rendered":"<p>Dar\u00edo Pale Xalapa, Ver.- Gracias a que el sem\u00e1foro epidemiol\u00f3gico se encuentra en color verde y amarillo en la mayor\u00eda de los municipios del estado, el\u00a0diez por ciento de los m\u00fasicos en Veracruz ya reanud\u00f3 sus actividades, as\u00ed lo se\u00f1al\u00f3\u00a0el secretario general del Sindicato de Filarm\u00f3nicos en el estado, Jos\u00e9 Luis Ram\u00edrez Reyes. Entrevistado en [&hellip;]<\/p>\n","protected":false},"author":1,"featured_media":14043,"comment_status":"open","ping_status":"open","sticky":false,"template":"","format":"standard","meta":{"_jetpack_memberships_contains_paid_content":false,"footnotes":""},"categories":[3],"tags":[],"class_list":["post-14042","post","type-post","status-publish","format-standard","has-post-thumbnail","hentry","category-xalapa"],"jetpack_featured_media_url":"https:\/\/encuentroinformativo.com.mx\/wp-content\/uploads\/2021\/05\/AE295DA2-36B1-416B-A837-A6995C98197D.jpeg","jetpack_sharing_enabled":true,"jetpack_likes_enabled":true,"amp_enabled":true,"_links":{"self":[{"href":"https:\/\/encuentroinformativo.com.mx\/index.php?rest_route=\/wp\/v2\/posts\/14042","targetHints":{"allow":["GET"]}}],"collection":[{"href":"https:\/\/encuentroinformativo.com.mx\/index.php?rest_route=\/wp\/v2\/posts"}],"about":[{"href":"https:\/\/encuentroinformativo.com.mx\/index.php?rest_route=\/wp\/v2\/types\/post"}],"author":[{"embeddable":true,"href":"https:\/\/encuentroinformativo.com.mx\/index.php?rest_route=\/wp\/v2\/users\/1"}],"replies":[{"embeddable":true,"href":"https:\/\/encuentroinformativo.com.mx\/index.php?rest_route=%2Fwp%2Fv2%2Fcomments&post=14042"}],"version-history":[{"count":1,"href":"https:\/\/encuentroinformativo.com.mx\/index.php?rest_route=\/wp\/v2\/posts\/14042\/revisions"}],"predecessor-version":[{"id":14044,"href":"https:\/\/encuentroinformativo.com.mx\/index.php?rest_route=\/wp\/v2\/posts\/14042\/revisions\/14044"}],"wp:featuredmedia":[{"embeddable":true,"href":"https:\/\/encuentroinformativo.com.mx\/index.php?rest_route=\/wp\/v2\/media\/14043"}],"wp:attachment":[{"href":"https:\/\/encuentroinformativo.com.mx\/index.php?rest_route=%2Fwp%2Fv2%2Fmedia&parent=14042"}],"wp:term":[{"taxonomy":"category","embeddable":true,"href":"https:\/\/encuentroinformativo.com.mx\/index.php?rest_route=%2Fwp%2Fv2%2Fcategories&post=14042"},{"taxonomy":"post_tag","embeddable":true,"href":"https:\/\/encuentroinformativo.com.mx\/index.php?rest_route=%2Fwp%2Fv2%2Ftags&post=14042"}],"curies":[{"name":"wp","href":"https:\/\/api.w.org\/{rel}","templated":true}]}}