{"id":14053,"date":"2021-05-13T19:25:22","date_gmt":"2021-05-14T00:25:22","guid":{"rendered":"https:\/\/encuentroinformativo.com.mx\/?p=14053"},"modified":"2021-05-13T19:25:27","modified_gmt":"2021-05-14T00:25:27","slug":"revoco-tev-candidatura-de-aspirante-a-alcaldia-en-tlaltetela","status":"publish","type":"post","link":"https:\/\/encuentroinformativo.com.mx\/?p=14053","title":{"rendered":"Revoc\u00f3 TEV candidatura de aspirante a alcald\u00eda en Tlaltetela"},"content":{"rendered":"\n<p><strong>Dar\u00edo Pale\u00a0<\/strong><\/p>\n\n\n\n<p>Xalapa, Ver.- &nbsp;El Tribunal Electoral de Veracruz (TEV), revoc\u00f3 la candidatura de Alfonso Moreno Fern\u00e1ndez a la alcald\u00eda de Tlaltetela por el Partido Revolucionario Institucional (PRI), por lo que tendr\u00e1 que nombrar a un nuevo candidato.<\/p>\n\n\n\n<p>En conferencia de prensa realizada en conocido caf\u00e9 del centro de Xalapa Adrain Morales Fern\u00e1ndez, exaspirante a la candidatura del PRI para la alcald\u00eda de Tlaltetela se\u00f1al\u00f3 que el TEV emiti\u00f3 una resoluci\u00f3n en el caso de ese municipio, donde revoc\u00f3 la candidatura de qui\u00e9n design\u00f3 debido a la impugnaci\u00f3n que present\u00f3 por violentar el proceso.<\/p>\n\n\n\n<p>Dio a conocer que fue aspirante a la candidatura de ese municipio pero el d\u00eda 24 de marzo la comisi\u00f3n de postulaci\u00f3n de candidato ordenado la candidatura de Alfonso Moreno, violentando sus derechos pol\u00edticos, por lo que impugno ante el TEV y el d\u00eda de ayer revoc\u00f3 la candidatura del actual candidato, por lo que \u00fanicamente est\u00e1 a la espera de que el PRI acate la sentencia para que en Tlaltetela exista justicia.<\/p>\n\n\n\n<p>Se\u00f1al\u00f3 que es importante que el PRI en estas pr\u00f3ximas votaciones resurja ya que ha hecho muchas cosas buenas en el pa\u00eds, el estado y en el municipio, aunque reconoci\u00f3 que a\u00fan existen personas corruptas que se dejan manipular por intereses personales.<\/p>\n\n\n\n<p>Dio a conocer que est\u00e1 a la orden para atender todas las necesidades del municipio y solo espera que el PRI le hable ya est\u00e1n a la mitad de las campa\u00f1as solo les quedan 15 d\u00edas y est\u00e1n dispuestos a ganar y hacer el trabajo que les corresponde siempre actuando dentro de la ley pero si no es tomado en cuenta para la candidatura no sabe que pueda pasar pero solo est\u00e1 a la espera del &#8220;banderazo de la Verdad&#8221;.<\/p>\n\n\n\n<p>Finalmente se\u00f1al\u00f3 que le solicita al dirigente estatal del PRI Marlon Ram\u00edrez que a la brevedad posible se sienten a dialogar ya que viene en son de paz y defendiendo un partido importante en Tlaltetela y defendiendo las causas nobles de los ciudadanos.<\/p>\n","protected":false},"excerpt":{"rendered":"<p>Dar\u00edo Pale\u00a0 Xalapa, Ver.- &nbsp;El Tribunal Electoral de Veracruz (TEV), revoc\u00f3 la candidatura de Alfonso Moreno Fern\u00e1ndez a la alcald\u00eda de Tlaltetela por el Partido Revolucionario Institucional (PRI), por lo que tendr\u00e1 que nombrar a un nuevo candidato. En conferencia de prensa realizada en conocido caf\u00e9 del centro de Xalapa Adrain Morales Fern\u00e1ndez, exaspirante a [&hellip;]<\/p>\n","protected":false},"author":2476,"featured_media":14051,"comment_status":"open","ping_status":"open","sticky":false,"template":"","format":"standard","meta":{"_jetpack_memberships_contains_paid_content":false,"footnotes":""},"categories":[3],"tags":[],"class_list":["post-14053","post","type-post","status-publish","format-standard","has-post-thumbnail","hentry","category-xalapa"],"jetpack_featured_media_url":"https:\/\/encuentroinformativo.com.mx\/wp-content\/uploads\/2021\/05\/1F46DF10-B503-4BC0-B741-4FBDCC1C7044.jpeg","jetpack_sharing_enabled":true,"jetpack_likes_enabled":true,"amp_enabled":true,"_links":{"self":[{"href":"https:\/\/encuentroinformativo.com.mx\/index.php?rest_route=\/wp\/v2\/posts\/14053","targetHints":{"allow":["GET"]}}],"collection":[{"href":"https:\/\/encuentroinformativo.com.mx\/index.php?rest_route=\/wp\/v2\/posts"}],"about":[{"href":"https:\/\/encuentroinformativo.com.mx\/index.php?rest_route=\/wp\/v2\/types\/post"}],"author":[{"embeddable":true,"href":"https:\/\/encuentroinformativo.com.mx\/index.php?rest_route=\/wp\/v2\/users\/2476"}],"replies":[{"embeddable":true,"href":"https:\/\/encuentroinformativo.com.mx\/index.php?rest_route=%2Fwp%2Fv2%2Fcomments&post=14053"}],"version-history":[{"count":1,"href":"https:\/\/encuentroinformativo.com.mx\/index.php?rest_route=\/wp\/v2\/posts\/14053\/revisions"}],"predecessor-version":[{"id":14054,"href":"https:\/\/encuentroinformativo.com.mx\/index.php?rest_route=\/wp\/v2\/posts\/14053\/revisions\/14054"}],"wp:featuredmedia":[{"embeddable":true,"href":"https:\/\/encuentroinformativo.com.mx\/index.php?rest_route=\/wp\/v2\/media\/14051"}],"wp:attachment":[{"href":"https:\/\/encuentroinformativo.com.mx\/index.php?rest_route=%2Fwp%2Fv2%2Fmedia&parent=14053"}],"wp:term":[{"taxonomy":"category","embeddable":true,"href":"https:\/\/encuentroinformativo.com.mx\/index.php?rest_route=%2Fwp%2Fv2%2Fcategories&post=14053"},{"taxonomy":"post_tag","embeddable":true,"href":"https:\/\/encuentroinformativo.com.mx\/index.php?rest_route=%2Fwp%2Fv2%2Ftags&post=14053"}],"curies":[{"name":"wp","href":"https:\/\/api.w.org\/{rel}","templated":true}]}}