{"id":14055,"date":"2021-05-13T19:36:48","date_gmt":"2021-05-14T00:36:48","guid":{"rendered":"https:\/\/encuentroinformativo.com.mx\/?p=14055"},"modified":"2021-05-13T19:36:52","modified_gmt":"2021-05-14T00:36:52","slug":"detienen-a-taxistas-que-protestaron-en-chedraui-caram","status":"publish","type":"post","link":"https:\/\/encuentroinformativo.com.mx\/?p=14055","title":{"rendered":"Detienen a taxistas que protestaron en Chedraui Caram"},"content":{"rendered":"\n<p><strong>Dar\u00edo Pale\u00a0<\/strong><\/p>\n\n\n\n<p>Xalapa, Ver.- Debido a que la&nbsp;Secretar\u00eda de Seguridad P\u00fablica, a trav\u00e9s de la direcci\u00f3n de Transporte P\u00fablico, mont\u00f3 un operativo de revisi\u00f3n, en donde levantaron varias unidades, los taxistas bloquearon la avenida Antonio Chuedraui Caram, a la altura de las v\u00edas del tren en protesta.<\/p>\n\n\n\n<p>Los inconformes manifestaron que la Polic\u00eda Estatal detuvo a dos de sus compa\u00f1eros que grababan v\u00eddeo mientras llevaban a cabo el operativo, adem\u00e1s de que los golpearon, los choferes habr\u00edan sido trasladados al Cuartel de San Jos\u00e9, por lo que exigen la liberaci\u00f3n de sus unidades.<\/p>\n\n\n\n<p>Dieron a conocer que no se sentar\u00e1n a una mesa de di\u00e1logo si no cumplen la&nbsp;exigencia de que Transporte P\u00fablico libere las unidades que fueron llevadas en gr\u00faa porque les pusieron de pretexto que estaban mal estacionados, pese a que reconocieron que eso es verdad no ameritaba que se los llevara la gr\u00faa solo es levantarles una infracci\u00f3n.<\/p>\n\n\n\n<p>Finalmente varios conductores de los taxis que se manifestaban a un costado de las v\u00edas de la avenida Chedraui Caram fueron detenidos por elementos de la SSP, y trasladados al cuartel San Jos\u00e9 para deslindar responsabilidades y de esta forma liberar la circulaci\u00f3n por esa avenida.<\/p>\n\n\n\n<figure class=\"wp-block-image size-large\"><img loading=\"lazy\" decoding=\"async\" width=\"1024\" height=\"576\" src=\"https:\/\/encuentroinformativo.com.mx\/wp-content\/uploads\/2021\/05\/045A6D9C-5CE2-4988-9DC4-776DCFA1FE7E-1024x576.jpeg\" alt=\"\" class=\"wp-image-14058\" srcset=\"https:\/\/encuentroinformativo.com.mx\/wp-content\/uploads\/2021\/05\/045A6D9C-5CE2-4988-9DC4-776DCFA1FE7E-1024x576.jpeg 1024w, https:\/\/encuentroinformativo.com.mx\/wp-content\/uploads\/2021\/05\/045A6D9C-5CE2-4988-9DC4-776DCFA1FE7E-300x169.jpeg 300w, https:\/\/encuentroinformativo.com.mx\/wp-content\/uploads\/2021\/05\/045A6D9C-5CE2-4988-9DC4-776DCFA1FE7E-768x432.jpeg 768w, https:\/\/encuentroinformativo.com.mx\/wp-content\/uploads\/2021\/05\/045A6D9C-5CE2-4988-9DC4-776DCFA1FE7E.jpeg 1280w\" sizes=\"auto, (max-width: 1024px) 100vw, 1024px\" \/><\/figure>\n\n\n\n<figure class=\"wp-block-image size-large\"><img loading=\"lazy\" decoding=\"async\" width=\"1024\" height=\"576\" src=\"https:\/\/encuentroinformativo.com.mx\/wp-content\/uploads\/2021\/05\/607C5407-F46A-4004-B484-ED25EA3A7225-1024x576.jpeg\" alt=\"\" class=\"wp-image-14057\" srcset=\"https:\/\/encuentroinformativo.com.mx\/wp-content\/uploads\/2021\/05\/607C5407-F46A-4004-B484-ED25EA3A7225-1024x576.jpeg 1024w, https:\/\/encuentroinformativo.com.mx\/wp-content\/uploads\/2021\/05\/607C5407-F46A-4004-B484-ED25EA3A7225-300x169.jpeg 300w, https:\/\/encuentroinformativo.com.mx\/wp-content\/uploads\/2021\/05\/607C5407-F46A-4004-B484-ED25EA3A7225-768x432.jpeg 768w, https:\/\/encuentroinformativo.com.mx\/wp-content\/uploads\/2021\/05\/607C5407-F46A-4004-B484-ED25EA3A7225-1536x864.jpeg 1536w, https:\/\/encuentroinformativo.com.mx\/wp-content\/uploads\/2021\/05\/607C5407-F46A-4004-B484-ED25EA3A7225.jpeg 1600w\" sizes=\"auto, (max-width: 1024px) 100vw, 1024px\" \/><\/figure>\n\n\n\n<figure class=\"wp-block-image size-large\"><img loading=\"lazy\" decoding=\"async\" width=\"1024\" height=\"576\" src=\"https:\/\/encuentroinformativo.com.mx\/wp-content\/uploads\/2021\/05\/B47BD892-2831-4352-8480-EB386784395B-1024x576.jpeg\" alt=\"\" class=\"wp-image-14059\" srcset=\"https:\/\/encuentroinformativo.com.mx\/wp-content\/uploads\/2021\/05\/B47BD892-2831-4352-8480-EB386784395B-1024x576.jpeg 1024w, https:\/\/encuentroinformativo.com.mx\/wp-content\/uploads\/2021\/05\/B47BD892-2831-4352-8480-EB386784395B-300x169.jpeg 300w, https:\/\/encuentroinformativo.com.mx\/wp-content\/uploads\/2021\/05\/B47BD892-2831-4352-8480-EB386784395B-768x432.jpeg 768w, https:\/\/encuentroinformativo.com.mx\/wp-content\/uploads\/2021\/05\/B47BD892-2831-4352-8480-EB386784395B.jpeg 1280w\" sizes=\"auto, (max-width: 1024px) 100vw, 1024px\" \/><\/figure>\n","protected":false},"excerpt":{"rendered":"<p>Dar\u00edo Pale\u00a0 Xalapa, Ver.- Debido a que la&nbsp;Secretar\u00eda de Seguridad P\u00fablica, a trav\u00e9s de la direcci\u00f3n de Transporte P\u00fablico, mont\u00f3 un operativo de revisi\u00f3n, en donde levantaron varias unidades, los taxistas bloquearon la avenida Antonio Chuedraui Caram, a la altura de las v\u00edas del tren en protesta. Los inconformes manifestaron que la Polic\u00eda Estatal detuvo [&hellip;]<\/p>\n","protected":false},"author":2476,"featured_media":14056,"comment_status":"open","ping_status":"open","sticky":false,"template":"","format":"standard","meta":{"_jetpack_memberships_contains_paid_content":false,"footnotes":""},"categories":[3],"tags":[],"class_list":["post-14055","post","type-post","status-publish","format-standard","has-post-thumbnail","hentry","category-xalapa"],"jetpack_featured_media_url":"https:\/\/encuentroinformativo.com.mx\/wp-content\/uploads\/2021\/05\/ED1F2B85-80E2-4BB5-AD92-6D945499C55D.jpeg","jetpack_sharing_enabled":true,"jetpack_likes_enabled":true,"amp_enabled":true,"_links":{"self":[{"href":"https:\/\/encuentroinformativo.com.mx\/index.php?rest_route=\/wp\/v2\/posts\/14055","targetHints":{"allow":["GET"]}}],"collection":[{"href":"https:\/\/encuentroinformativo.com.mx\/index.php?rest_route=\/wp\/v2\/posts"}],"about":[{"href":"https:\/\/encuentroinformativo.com.mx\/index.php?rest_route=\/wp\/v2\/types\/post"}],"author":[{"embeddable":true,"href":"https:\/\/encuentroinformativo.com.mx\/index.php?rest_route=\/wp\/v2\/users\/2476"}],"replies":[{"embeddable":true,"href":"https:\/\/encuentroinformativo.com.mx\/index.php?rest_route=%2Fwp%2Fv2%2Fcomments&post=14055"}],"version-history":[{"count":1,"href":"https:\/\/encuentroinformativo.com.mx\/index.php?rest_route=\/wp\/v2\/posts\/14055\/revisions"}],"predecessor-version":[{"id":14060,"href":"https:\/\/encuentroinformativo.com.mx\/index.php?rest_route=\/wp\/v2\/posts\/14055\/revisions\/14060"}],"wp:featuredmedia":[{"embeddable":true,"href":"https:\/\/encuentroinformativo.com.mx\/index.php?rest_route=\/wp\/v2\/media\/14056"}],"wp:attachment":[{"href":"https:\/\/encuentroinformativo.com.mx\/index.php?rest_route=%2Fwp%2Fv2%2Fmedia&parent=14055"}],"wp:term":[{"taxonomy":"category","embeddable":true,"href":"https:\/\/encuentroinformativo.com.mx\/index.php?rest_route=%2Fwp%2Fv2%2Fcategories&post=14055"},{"taxonomy":"post_tag","embeddable":true,"href":"https:\/\/encuentroinformativo.com.mx\/index.php?rest_route=%2Fwp%2Fv2%2Ftags&post=14055"}],"curies":[{"name":"wp","href":"https:\/\/api.w.org\/{rel}","templated":true}]}}