{"id":14068,"date":"2021-05-14T09:30:30","date_gmt":"2021-05-14T14:30:30","guid":{"rendered":"https:\/\/encuentroinformativo.com.mx\/?p=14068"},"modified":"2021-05-14T09:30:34","modified_gmt":"2021-05-14T14:30:34","slug":"lo-que-realmente-paso-en-tuxpan","status":"publish","type":"post","link":"https:\/\/encuentroinformativo.com.mx\/?p=14068","title":{"rendered":"LO QUE REALMENTE PAS\u00d3 EN TUXPAN"},"content":{"rendered":"\n<p><strong>@pablojair<\/strong><\/p>\n\n\n\n<ul class=\"wp-block-list\"><li>Detienen al pederasta Kamel Nacif en L\u00edbano.<\/li><li>Hay que tomar en cuenta lo de este jueves en Veracruz.<\/li><li>Se construir\u00e1n colectores pluviales en Xalapa.<\/li><\/ul>\n\n\n\n<p>Que los de Dos Bocas le pidieron 6 a\u00f1os m\u00e1s al Presidente\u2026<br>pero para terminar la refiner\u00eda\u2026<br>&#8211;Chopenjawer<\/p>\n\n\n\n<p>Cerca de las 17:30 horas de la tarde de este jueves, en las oficinas centrales del C4 en la ciudad de Tuxpan, se recibi\u00f3 un reporte en el n\u00famero 911 sobre personas con armas largas a bordo de dos camionetas blancas &#8211;una Cherokee y una Dakota&#8211; en un sal\u00f3n social llamado &#8220;Don Quijote&#8221;.<\/p>\n\n\n\n<p>Es p\u00fablico y conocido que dicho lugar es propiedad de la familia Mancha y actualmente se usa como uno de los b\u00fankers de campa\u00f1a del candidato del PAN a la alcald\u00eda, Jos\u00e9 de Jes\u00fas Mancha Alarc\u00f3n.<\/p>\n\n\n\n<p>Quien tom\u00f3 el llamado como primer respondiente fue la Guardia Nacional, secundado por la Secretar\u00eda de la Defensa Nacional, quienes enviaron elementos para realizar las inspecciones en el sitio y entrevistar a las personas como lo marca el protocolo.<\/p>\n\n\n\n<p>Los presentes negaron alguna situaci\u00f3n de riesgo y dijeron que no hab\u00eda gente armada en el punto. Otras versiones apuntan que se trata de un comando que acompa\u00f1a al candidato como escoltas, pero que al enterarse del reporte realizado (se sospecha filtraci\u00f3n de la Polic\u00eda Municipal) de inmediato se esfumaron porque no cuentan con licencias ni permisos para portar armas.<\/p>\n\n\n\n<p>Las fuerzas federales, como siempre, investigaron el lugar e incluso tomaron fotos del lugar, para posteriormente retirarse. Quienes nunca aparecieron en el sitio fueron los elementos municipales, salvo unos gendarmes que vieron la acci\u00f3n de lejitos y se retiraron.<\/p>\n\n\n\n<p>M\u00e1s tarde, quien sacar\u00eda raja pol\u00edtica de la buena fue del Ej\u00e9rcito Mexicano y la Guardia Nacional al acudir al llamado, fue el propio candidato panista, quien a trav\u00e9s de redes sociales se dijo perseguido pol\u00edtico del gobierno estatal y federal.<\/p>\n\n\n\n<p>Lo anterior caus\u00f3 cejas levantadas por la manera en que denigr\u00f3 la labor de las fuerzas federales, quienes est\u00e1n en alerta en todo del pa\u00eds por los casos de violencia pol\u00edtica en tiempos electorales.<\/p>\n\n\n\n<p>Y es que el aspirante nunca menciona el reporte de las personas presuntamente armadas en el lugar, mismo que debe tener la Polic\u00eda Municipal &#8211;al mando de su primo alcalde&#8211; porque las llamadas de emergencia al 911 pasan como alerta a las autoridades de los tres niveles: local, estatal y federal.<\/p>\n\n\n\n<p>Pero de pura mala leche, Mancha quiso hacerse la &#8220;v\u00edstima&#8221; a costillas del Ej\u00e9rcito.<\/p>\n\n\n\n<p>La movilizaci\u00f3n en Tuxpan tambi\u00e9n obedece a que recientemente se habl\u00f3 de este lugar en una columna nacional donde se trat\u00f3 el tema de grupos de la delincuencia organizada que operan en la regi\u00f3n, y que sin duda tratar\u00e1n de influir en ayuntamientos de esa regi\u00f3n al norte de la entidad veracruzana.<\/p>\n\n\n\n<p>Otro caso reciente a nivel local que prendi\u00f3 alarmas fue un &#8220;terrorismo&#8221; nivel Hollywood: resulta que el due\u00f1o de una casa de empe\u00f1os se meti\u00f3 a robar a su propia tienda, y cuando se alert\u00f3 del asunto, el individuo dijo que ten\u00eda un chaleco-bomba que se detonar\u00eda si se acercaba alguien, lo que moviliz\u00f3 a las fuerzas federales, pero todo result\u00f3 en pura an\u00e9cdota.<\/p>\n\n\n\n<p><strong>NOTA PARA PEGAR EN EL REFRI: <\/strong>\u00bfSe acuerda del caso del &#8220;Gober Precioso&#8221;? \u00bfAquella conversaci\u00f3n grotesca entre el gobernador de Puebla, Mario Mar\u00edn, y el empresario textilero Kamel Nacif donde celebran haber castigado a la periodista Lydia Cacho? Pues bien, no s\u00f3lo ya est\u00e1 detenido el exmandatario, sino que tambi\u00e9n ya le cay\u00f3 el moco al tal Kamel y est\u00e1 acusado de tortura en agravio de la periodista\u2026 El \u00fanico problema es que no ser\u00e1 juzgado por las autoridades mexicanas, pues el vato coy\u00f3n sali\u00f3 de pelada a L\u00edbano y dicho pa\u00eds no entrega en extradici\u00f3n a sus connacionales\u2026 A lo anterior s\u00famese que as\u00ed como que digas que hay muchos derechos para las mujeres en Medio Oriente, pues no. Eso es m\u00e1s ac\u00e1 en Occidente\u2026 El asunto es que el gobierno de L\u00edbano ser\u00e1 el que investigue y juzgue al empresario por los delitos supuestamente cometidos en contra de Lydia Cacho, quien a trav\u00e9s de Twitter dio a conocer que ya testific\u00f3 ante las autoridades libanesas: &#8220;Testificando ante las autoridades libanesas por el arresto de Kamel Nacif Borge. El empresario tratante de ni\u00f1as que orquest\u00f3 mi tortura, compr\u00f3 ni\u00f1as peque\u00f1as para prostituirlas, lava dinero y evadi\u00f3 al fisco en los Estados Unidos. 15 a\u00f1os despu\u00e9s #Aqu\u00edNadieSeRinde\u201d, se\u00f1al\u00f3 la comunicadora\u2026 La tambi\u00e9n activista es quien puso en la mira de los pol\u00edticos pederastas al famoso &#8220;Gober Cascarita&#8221;, que por cierto anda muy desaparecido y ausente en estos d\u00edas de campa\u00f1a.<\/p>\n\n\n\n<p><strong>OTRA NOTA:<\/strong> Como legisladora se tiene la misi\u00f3n de que se trabajar\u00e1 para representar a los veracruzanos, incluido al empresariado bajo la premisa de &#8220;m\u00e1s territorio y menos escritorio&#8221;, expres\u00f3 Rosa Mar\u00eda Hern\u00e1ndez Espejo, candidata a diputada federal del distrito 4 por Morena, durante su participaci\u00f3n como invitada a la C\u00e1mara Nacional de Comercio Servicios y Turismo de Veracruz (Canaco-Servytur Veracruz)\u2026 Por su parte, tambi\u00e9n presente en la misma reuni\u00f3n, estuvo el candidato a la alcald\u00eda de Veracruz, Ricardo Exsome, quien expres\u00f3 la urgencia de mejorar el centro hist\u00f3rico con una visi\u00f3n a futuro, un proyecto a largo plazo, que no se cambie con la llegada de un nuevo alcalde, en alianza, municipio y empresarios para rescatar a Veracruz\u2026 Otro asistente a la reuni\u00f3n los &#8220;canacos&#8221; fue Fernando Arteaga Aponte, candidato a diputado local por el Distrito 14 de la alianza &#8220;Juntos Hacemos Historia&#8221;, quien present\u00f3 su eje rector de campa\u00f1a basado en legislar para implementar programas concretos de combate a la corrupci\u00f3n, desarrollo econ\u00f3mico y desarrollo social, entre otros\u2026 Quien convivi\u00f3 con adultos mayores fue la maestra Diana Santiago Huesca, candidata a la diputaci\u00f3n local del distrito XV por la coalici\u00f3n &#8220;Juntos Haremos Historia en Veracruz&#8221;, como parte de la celebraci\u00f3n del D\u00eda del Jubilado y Pensionado, y donde se reuni\u00f3 con m\u00e1s de 150 integrantes de la delegaci\u00f3n D-IV-051 de pensionados del S.N.T.E. secci\u00f3n 32; ah\u00ed propuso crear la Casa del Adulto Mayor como un espacio digno para garantizar el desarrollo social y cultural de los abuelitos\u2026<\/p>\n\n\n\n<p><strong>LA \u00daLTIMA PORQUE TOCA VINITO Y CARNITA CON LA J-LO AC\u00c1 EN LA CABA\u00d1A:<\/strong> Tras las inundaciones provocadas por las fuertes y devastadoras lluvias en Xalapa, el gobernador Cuitl\u00e1huac Garc\u00eda Jim\u00e9nez anunci\u00f3 este jueves una millonaria inversi\u00f3n de 376 millones de pesos para obras de infraestructura pluvial que acaben con este problema, que cada a\u00f1o en esta temporada afecta considerablemente a los xalape\u00f1os. Mediante un video subido a sus redes sociales, el mandatario estatal detall\u00f3 que de la Secretar\u00eda de Infraestructura y Obras P\u00fablicas (SIOP) y la Comisi\u00f3n de Agua del Estado de Veracruz (CAEV), ejercer\u00e1n dicha inversi\u00f3n entre los a\u00f1os 2021 y 2022, por parte para construir tres colectores pluviales en las colonias Divisi\u00f3n del Norte, Hern\u00e1ndez Castillo y Cuauht\u00e9moc, as\u00ed como una obra adicional que capte el agua de lluvia desde La Lagunilla hasta Divisi\u00f3n del Norte\u2026 El colector Divisi\u00f3n del Norte ya se encuentra en construcci\u00f3n, en una primera etapa que requiere de 37 millones de pesos; la segunda fase tiene proyectada una inversi\u00f3n de 35 millones de pesos. Ah\u00ed se introducen los ductos del colector de drenaje y posteriormente, el sistema de conducci\u00f3n de agua potable y las cajas de concreto\u2026 Despu\u00e9s de \u00e9sta, se iniciar\u00e1 la primera fase del colector pluvial de la colonia Hern\u00e1ndez Castillo, cuya inversi\u00f3n asciende a 43 millones de pesos; luego, la primera parte del colector Cuauht\u00e9moc con 49.5 millones de pesos\u2026 Por otra parte, se requiere tambi\u00e9n la construcci\u00f3n de una l\u00ednea de conducci\u00f3n de agua potable para reforzar los tanques Ferrocarrilero, Homex y Encanto, con 75 millones de pesos. En tanto que en la colonia La Lagunilla, se har\u00e1 una intervenci\u00f3n por 80 millones de pesos de SIOP, indic\u00f3 Garc\u00eda Jim\u00e9nez.<\/p>\n","protected":false},"excerpt":{"rendered":"<p>@pablojair Detienen al pederasta Kamel Nacif en L\u00edbano. Hay que tomar en cuenta lo de este jueves en Veracruz. Se construir\u00e1n colectores pluviales en Xalapa. Que los de Dos Bocas le pidieron 6 a\u00f1os m\u00e1s al Presidente\u2026pero para terminar la refiner\u00eda\u2026&#8211;Chopenjawer Cerca de las 17:30 horas de la tarde de este jueves, en las oficinas [&hellip;]<\/p>\n","protected":false},"author":1,"featured_media":488,"comment_status":"open","ping_status":"open","sticky":false,"template":"","format":"standard","meta":{"_jetpack_memberships_contains_paid_content":false,"footnotes":""},"categories":[11],"tags":[],"class_list":["post-14068","post","type-post","status-publish","format-standard","has-post-thumbnail","hentry","category-opinion"],"jetpack_featured_media_url":"https:\/\/encuentroinformativo.com.mx\/wp-content\/uploads\/2020\/03\/F471F608-BA1A-416B-BA7B-BCFB24F4E6D0.jpeg","jetpack_sharing_enabled":true,"jetpack_likes_enabled":true,"amp_enabled":true,"_links":{"self":[{"href":"https:\/\/encuentroinformativo.com.mx\/index.php?rest_route=\/wp\/v2\/posts\/14068","targetHints":{"allow":["GET"]}}],"collection":[{"href":"https:\/\/encuentroinformativo.com.mx\/index.php?rest_route=\/wp\/v2\/posts"}],"about":[{"href":"https:\/\/encuentroinformativo.com.mx\/index.php?rest_route=\/wp\/v2\/types\/post"}],"author":[{"embeddable":true,"href":"https:\/\/encuentroinformativo.com.mx\/index.php?rest_route=\/wp\/v2\/users\/1"}],"replies":[{"embeddable":true,"href":"https:\/\/encuentroinformativo.com.mx\/index.php?rest_route=%2Fwp%2Fv2%2Fcomments&post=14068"}],"version-history":[{"count":1,"href":"https:\/\/encuentroinformativo.com.mx\/index.php?rest_route=\/wp\/v2\/posts\/14068\/revisions"}],"predecessor-version":[{"id":14069,"href":"https:\/\/encuentroinformativo.com.mx\/index.php?rest_route=\/wp\/v2\/posts\/14068\/revisions\/14069"}],"wp:featuredmedia":[{"embeddable":true,"href":"https:\/\/encuentroinformativo.com.mx\/index.php?rest_route=\/wp\/v2\/media\/488"}],"wp:attachment":[{"href":"https:\/\/encuentroinformativo.com.mx\/index.php?rest_route=%2Fwp%2Fv2%2Fmedia&parent=14068"}],"wp:term":[{"taxonomy":"category","embeddable":true,"href":"https:\/\/encuentroinformativo.com.mx\/index.php?rest_route=%2Fwp%2Fv2%2Fcategories&post=14068"},{"taxonomy":"post_tag","embeddable":true,"href":"https:\/\/encuentroinformativo.com.mx\/index.php?rest_route=%2Fwp%2Fv2%2Ftags&post=14068"}],"curies":[{"name":"wp","href":"https:\/\/api.w.org\/{rel}","templated":true}]}}