{"id":14070,"date":"2021-05-14T09:47:05","date_gmt":"2021-05-14T14:47:05","guid":{"rendered":"https:\/\/encuentroinformativo.com.mx\/?p=14070"},"modified":"2021-05-14T09:47:09","modified_gmt":"2021-05-14T14:47:09","slug":"aquahued-y-los-ausentes","status":"publish","type":"post","link":"https:\/\/encuentroinformativo.com.mx\/?p=14070","title":{"rendered":"AquAhued y los ausentes"},"content":{"rendered":"\n<p><strong>Los Pol\u00edticos<\/strong><\/p>\n\n\n\n<p><strong>Salvador Mu\u00f1oz<\/strong><\/p>\n\n\n\n<p>Uno espera que la ca\u00edda que tuvo Ricardo Ahued al dar un mal paso en una casa afectada por el aguacero del mi\u00e9rcoles, no tenga repercusiones\u2026 recordemos que hace poco, tuvo que ser atendido de la espalda el entonces senador.<\/p>\n\n\n\n<p>El incidente al perder el piso fue motivo de muchas bromas, de chistes, de chascarrillos propios de la contienda electoral que se vive\u2026 aunque hay algo que nos debe quedar en claro\u2026 no se pierde ni se gana una elecci\u00f3n a punta de memes\u2026 \u00a1AquAhued!<\/p>\n\n\n\n<p>Otra cosa que igual sali\u00f3 a relucir con el chapuz\u00f3n de Ricardo Ahued, es el repentino aire populista que en este proceso lo acompa\u00f1a\u2026 ya hab\u00eda dado muestras el pasado domingo con esa marcha para mostrar m\u00fasculo\u2026 el mi\u00e9rcoles, y\u00e9ndose a meter (literal) al agua\u2026 \u00bfcon qu\u00e9 otra cosa nos va a sorprender el nuevo Ahued?<\/p>\n\n\n\n<p>El conjunto de quienes sienten afecto por el Rey del Pl\u00e1stico, concuerdan en una cosa: A Ahued no le hace falta ni marchas multitudinarias y mucho menos aplicar fideli\u00f1as como meterse \u2013literal\u2013 al agua\u2026 hay cosas que no le van.<\/p>\n\n\n\n<p>En eso igual coincido con ellos\u2026 el trato amable y sencillo de Ricardo Ahued no necesita de shows pol\u00edticos para generarse simpat\u00eda\u2026 a menos que lo que pretenda, sea generar entre el electorado empat\u00eda al partido que lo postula as\u00ed como en los otros candidatos que lo acompa\u00f1an.<\/p>\n\n\n\n<p>Esto sale a colaci\u00f3n, porque el mi\u00e9rcoles, en la tarde del chapuz\u00f3n de AquAhued, muchos ciudadanos se preguntaban d\u00f3nde estaban los que el domingo pasado, se le pegaban como lapa al candidato a la presidencia municipal\u2026 \u00bfpor qu\u00e9 no hicieron su aparici\u00f3n en esas colonias a donde acudi\u00f3 Ahued y en una de las casas afectadas dio su mal paso?<\/p>\n\n\n\n<p>Los m\u00e1s optimistas vieron esta ausencia de un Villalpando, Claudia Tello, Ana Miriam Ferr\u00e1ez o Rosalinda Galindo, como el gran desmarque del candidato Ahued de estos lastres pol\u00edticos y a quienes representan: Cuitl\u00e1huac Garc\u00eda, Eric Cisneros, Roc\u00edo Nahle.<\/p>\n\n\n\n<p>\u00a1Pues qu\u00e9 creen! \u00a1Les tengo una mala noticia! desde el momento en que el empresario compite bajo las siglas de Morena, es imposible desmarcarse, separarse, o como dice \u00e9l, ponerse tefl\u00f3n para que se le resbalen quienes se montan en su figura para repetir en el cargo otros tres a\u00f1os\u2026 Ahued abandera las causas de Morena como David Velasco las del PRI, aunque el PAN quiera que gane por su voto duro\u2026<\/p>\n\n\n\n<p>Ahora que, quiz\u00e1s motivados por la efervescencia electoral que se vive a lo largo y ancho del estado, quienes demandaban la presencia de los lastres de Ahued, o en el mejor de los casos, de los otros candidatos a los diferentes cargos de parte de la oposici\u00f3n, quiz\u00e1s no se dieron cuenta del gran ausente en la tarde del mi\u00e9rcoles del gran aguacero: el alcalde Hip\u00f3lito Rodr\u00edguez Herrero\u2026<\/p>\n\n\n\n<p>Se entiende la omisi\u00f3n de los demandantes de presencias por una simple raz\u00f3n: la ausencia del presidente municipal de Xalapa no es nueva: es una autoridad ausente, lejana, distante. No de ahora\u2026 sino desde que asumi\u00f3 el cargo\u2026<\/p>\n\n\n\n<p>Quiz\u00e1s por eso el xalape\u00f1o ya no espera que ante cualquier contingencia, cualquier emergencia, cualquier situaci\u00f3n, aparezca el alcalde\u2026 y quiz\u00e1s por eso, algunos vean m\u00e1s natural que Ahued Bardahuil est\u00e9 presente, in situ, en esas casas donde el agua ocasion\u00f3 fuertes estragos\u2026 porque quiz\u00e1s lo vean con m\u00e1s autoridad que un presidente municipal o que un Gobernador, quien tambi\u00e9n, desapareci\u00f3, as\u00ed, igualito que AquAhued bajo las aguas de una casa inundada&#8230;<\/p>\n\n\n\n<p><a href=\"mailto:smcainito@gmail.com\" target=\"_blank\" rel=\"noreferrer noopener\">smcainito@gmail.com<\/a><\/p>\n","protected":false},"excerpt":{"rendered":"<p>Los Pol\u00edticos Salvador Mu\u00f1oz Uno espera que la ca\u00edda que tuvo Ricardo Ahued al dar un mal paso en una casa afectada por el aguacero del mi\u00e9rcoles, no tenga repercusiones\u2026 recordemos que hace poco, tuvo que ser atendido de la espalda el entonces senador. El incidente al perder el piso fue motivo de muchas bromas, [&hellip;]<\/p>\n","protected":false},"author":1,"featured_media":70,"comment_status":"open","ping_status":"open","sticky":false,"template":"","format":"standard","meta":{"_jetpack_memberships_contains_paid_content":false,"footnotes":""},"categories":[11],"tags":[],"class_list":["post-14070","post","type-post","status-publish","format-standard","has-post-thumbnail","hentry","category-opinion"],"jetpack_featured_media_url":"https:\/\/encuentroinformativo.com.mx\/wp-content\/uploads\/2020\/02\/opinion-invitado.jpg","jetpack_sharing_enabled":true,"jetpack_likes_enabled":true,"amp_enabled":true,"_links":{"self":[{"href":"https:\/\/encuentroinformativo.com.mx\/index.php?rest_route=\/wp\/v2\/posts\/14070","targetHints":{"allow":["GET"]}}],"collection":[{"href":"https:\/\/encuentroinformativo.com.mx\/index.php?rest_route=\/wp\/v2\/posts"}],"about":[{"href":"https:\/\/encuentroinformativo.com.mx\/index.php?rest_route=\/wp\/v2\/types\/post"}],"author":[{"embeddable":true,"href":"https:\/\/encuentroinformativo.com.mx\/index.php?rest_route=\/wp\/v2\/users\/1"}],"replies":[{"embeddable":true,"href":"https:\/\/encuentroinformativo.com.mx\/index.php?rest_route=%2Fwp%2Fv2%2Fcomments&post=14070"}],"version-history":[{"count":1,"href":"https:\/\/encuentroinformativo.com.mx\/index.php?rest_route=\/wp\/v2\/posts\/14070\/revisions"}],"predecessor-version":[{"id":14071,"href":"https:\/\/encuentroinformativo.com.mx\/index.php?rest_route=\/wp\/v2\/posts\/14070\/revisions\/14071"}],"wp:featuredmedia":[{"embeddable":true,"href":"https:\/\/encuentroinformativo.com.mx\/index.php?rest_route=\/wp\/v2\/media\/70"}],"wp:attachment":[{"href":"https:\/\/encuentroinformativo.com.mx\/index.php?rest_route=%2Fwp%2Fv2%2Fmedia&parent=14070"}],"wp:term":[{"taxonomy":"category","embeddable":true,"href":"https:\/\/encuentroinformativo.com.mx\/index.php?rest_route=%2Fwp%2Fv2%2Fcategories&post=14070"},{"taxonomy":"post_tag","embeddable":true,"href":"https:\/\/encuentroinformativo.com.mx\/index.php?rest_route=%2Fwp%2Fv2%2Ftags&post=14070"}],"curies":[{"name":"wp","href":"https:\/\/api.w.org\/{rel}","templated":true}]}}