{"id":14072,"date":"2021-05-14T11:02:35","date_gmt":"2021-05-14T16:02:35","guid":{"rendered":"https:\/\/encuentroinformativo.com.mx\/?p=14072"},"modified":"2021-05-14T11:02:38","modified_gmt":"2021-05-14T16:02:38","slug":"jubilados-del-imss-reclaman-pagos-de-ahorros","status":"publish","type":"post","link":"https:\/\/encuentroinformativo.com.mx\/?p=14072","title":{"rendered":"Jubilados del IMSS reclaman pagos de ahorros"},"content":{"rendered":"\n<p><strong>Dar\u00edo Pale<\/strong> <\/p>\n\n\n\n<p>Xalapa, Ver.- Se manifestaron esta ma\u00f1ana en la plaza Lerdo los trabajadores\u00a0jubilados del Instituto Mexicano del Seguro Social (IMSS), con la finalidad de que les devuelvan los ahorros de cesant\u00eda y vejez a trav\u00e9s del AFORE que se suspendi\u00f3 desde el 2015.<\/p>\n\n\n\n<p>Entrevistado durante la manifestaci\u00f3n el doctor\u00a0Ricardo Castilla Dom\u00ednguez, miembro de la Asamblea de la Uni\u00f3n Nacional de Comit\u00e9s IMSS (INCIMSS), dio a conocer que son\u00a0m\u00e1s de 11 mil jubilados en Veracruz los que reclaman esto, pero a nivel nacional son aproximadamente 80 mil.<\/p>\n\n\n\n<p>&#8220;Del 2015 a la fecha, desafortunadamente ya no de ha regresado esa subcuenta al jubilado y eso es lo que se pretende, eso es lo que se busca: que se contin\u00fae regresando eso, ya que si del 2008 al 2015 se pudo regresar, es importante que se contin\u00fae regresando a todos los trabajadores, ya que durante todos estos a\u00f1os no se ha hecho y ese n\u00famero seguir\u00e1 increment\u00e1ndose&#8221;, se\u00f1al\u00f3.<\/p>\n\n\n\n<p>Dicha manifestaci\u00f3n fue de apoyo a la reuni\u00f3n que este medio d\u00eda tendr\u00e1n representantes de los jubilados a nivel nacional con directivos del IMSS en el pa\u00eds con la secretaria de Gobernaci\u00f3n y otras autoridades para acordar la devoluci\u00f3n de dicho recurso, en\u00a0dicha reuni\u00f3n estar\u00e1 el director del IMSS, Zo\u00e9 Robledo, el titular de la Consar, la secretaria de Gobernaci\u00f3n, Olga S\u00e1nchez, entre otros, y esperan que sean devueltos los ahorros de cesant\u00eda y vejez.<\/p>\n\n\n\n<p>&#8220;Esperemos que sea favorable el resultado que se tenga para que podamos disfrutar de eso que durante tantos a\u00f1os estuvimos ahorrando en estas subcuentas&#8221;, finaliz\u00f3.<\/p>\n\n\n\n<figure class=\"wp-block-image size-large\"><img loading=\"lazy\" decoding=\"async\" width=\"1024\" height=\"682\" src=\"https:\/\/encuentroinformativo.com.mx\/wp-content\/uploads\/2021\/05\/0309A911-D8F4-4820-A7DA-F000A360ECE5-1024x682.jpeg\" alt=\"\" class=\"wp-image-14074\" srcset=\"https:\/\/encuentroinformativo.com.mx\/wp-content\/uploads\/2021\/05\/0309A911-D8F4-4820-A7DA-F000A360ECE5-1024x682.jpeg 1024w, https:\/\/encuentroinformativo.com.mx\/wp-content\/uploads\/2021\/05\/0309A911-D8F4-4820-A7DA-F000A360ECE5-300x200.jpeg 300w, https:\/\/encuentroinformativo.com.mx\/wp-content\/uploads\/2021\/05\/0309A911-D8F4-4820-A7DA-F000A360ECE5-768x512.jpeg 768w, https:\/\/encuentroinformativo.com.mx\/wp-content\/uploads\/2021\/05\/0309A911-D8F4-4820-A7DA-F000A360ECE5.jpeg 1280w\" sizes=\"auto, (max-width: 1024px) 100vw, 1024px\" \/><\/figure>\n","protected":false},"excerpt":{"rendered":"<p>Dar\u00edo Pale Xalapa, Ver.- Se manifestaron esta ma\u00f1ana en la plaza Lerdo los trabajadores\u00a0jubilados del Instituto Mexicano del Seguro Social (IMSS), con la finalidad de que les devuelvan los ahorros de cesant\u00eda y vejez a trav\u00e9s del AFORE que se suspendi\u00f3 desde el 2015. Entrevistado durante la manifestaci\u00f3n el doctor\u00a0Ricardo Castilla Dom\u00ednguez, miembro de la [&hellip;]<\/p>\n","protected":false},"author":1,"featured_media":14073,"comment_status":"open","ping_status":"open","sticky":false,"template":"","format":"standard","meta":{"_jetpack_memberships_contains_paid_content":false,"footnotes":""},"categories":[3],"tags":[],"class_list":["post-14072","post","type-post","status-publish","format-standard","has-post-thumbnail","hentry","category-xalapa"],"jetpack_featured_media_url":"https:\/\/encuentroinformativo.com.mx\/wp-content\/uploads\/2021\/05\/FC2275B6-6775-49E3-B0CF-B08F7CCAD832.jpeg","jetpack_sharing_enabled":true,"jetpack_likes_enabled":true,"amp_enabled":true,"_links":{"self":[{"href":"https:\/\/encuentroinformativo.com.mx\/index.php?rest_route=\/wp\/v2\/posts\/14072","targetHints":{"allow":["GET"]}}],"collection":[{"href":"https:\/\/encuentroinformativo.com.mx\/index.php?rest_route=\/wp\/v2\/posts"}],"about":[{"href":"https:\/\/encuentroinformativo.com.mx\/index.php?rest_route=\/wp\/v2\/types\/post"}],"author":[{"embeddable":true,"href":"https:\/\/encuentroinformativo.com.mx\/index.php?rest_route=\/wp\/v2\/users\/1"}],"replies":[{"embeddable":true,"href":"https:\/\/encuentroinformativo.com.mx\/index.php?rest_route=%2Fwp%2Fv2%2Fcomments&post=14072"}],"version-history":[{"count":1,"href":"https:\/\/encuentroinformativo.com.mx\/index.php?rest_route=\/wp\/v2\/posts\/14072\/revisions"}],"predecessor-version":[{"id":14075,"href":"https:\/\/encuentroinformativo.com.mx\/index.php?rest_route=\/wp\/v2\/posts\/14072\/revisions\/14075"}],"wp:featuredmedia":[{"embeddable":true,"href":"https:\/\/encuentroinformativo.com.mx\/index.php?rest_route=\/wp\/v2\/media\/14073"}],"wp:attachment":[{"href":"https:\/\/encuentroinformativo.com.mx\/index.php?rest_route=%2Fwp%2Fv2%2Fmedia&parent=14072"}],"wp:term":[{"taxonomy":"category","embeddable":true,"href":"https:\/\/encuentroinformativo.com.mx\/index.php?rest_route=%2Fwp%2Fv2%2Fcategories&post=14072"},{"taxonomy":"post_tag","embeddable":true,"href":"https:\/\/encuentroinformativo.com.mx\/index.php?rest_route=%2Fwp%2Fv2%2Ftags&post=14072"}],"curies":[{"name":"wp","href":"https:\/\/api.w.org\/{rel}","templated":true}]}}