{"id":14079,"date":"2021-05-14T14:17:23","date_gmt":"2021-05-14T19:17:23","guid":{"rendered":"https:\/\/encuentroinformativo.com.mx\/?p=14079"},"modified":"2021-05-14T14:17:27","modified_gmt":"2021-05-14T19:17:27","slug":"enfermeras-acusan-despidos-en-uxpanapa","status":"publish","type":"post","link":"https:\/\/encuentroinformativo.com.mx\/?p=14079","title":{"rendered":"Enfermeras acusan despidos en Uxpanapa"},"content":{"rendered":"\n<p><strong>Juan Arcos\/Dar\u00edo Pale <\/strong><\/p>\n\n\n\n<p>Xalapa, Ver.- Un total de 14 enfermeras denunciaron haber sido despedidas injustificadamente del Hospital de la Laguna Poblado Seis, en el municipio de Uxpanapa, ubicado en la zona sur de Veracruz.<\/p>\n\n\n\n<p>Un grupo de ellas protest\u00f3 frente a Palacio de Gobierno para exigir al titular de la Secretar\u00eda de Salud de Veracruz, Roberto Ramos Alor, su reinstalaci\u00f3n correspondiente.\u00a0<\/p>\n\n\n\n<p>De acuerdo con Norma Gonz\u00e1lez Pav\u00f3n, una de las afectadas, el pasado 12 de mayo, en pleno D\u00eda de la Enfermera, se les notific\u00f3 mediante un mensaje de texto que ya no pod\u00edan ingresar a su espacio de trabajo, debido a que su contrato no hab\u00eda sido renovado.<\/p>\n\n\n\n<p>\u201cEn un mensaje textual se nos notifica que ya no pod\u00edamos presentarnos en la instituci\u00f3n, nos quitaron del checador, no nos permitieron la entrada\u201d.<\/p>\n\n\n\n<p>La entrevistada detall\u00f3 que ese mismo d\u00eda los polic\u00edas impidieron el acceso del personal e incluso lesionaron en el brazo a una de sus compa\u00f1eras, por presunta instrucci\u00f3n del director del hospital, Irwing Jos\u00e9 G\u00f3mez D\u00edaz.<\/p>\n\n\n\n<p>\u201cPorque est\u00e1 dejando a personal que llega en estado de ebriedad, que tiene faltas, que no acude a sus servicios y el mismo cuerpo de Gobierno los est\u00e1 protegiendo, exigimos al secretario de Salud, Roberto Ramos que nos atienda, que nos d\u00e9 una audiencia el d\u00eda de hoy porque venimos de lejos, pero tambi\u00e9n que intervenga el Gobernador, que se investiguen todas las irregularidades que est\u00e1n pasando en el \u00e1rea administrativa en nuestro hospital&#8221;, acus\u00f3.<\/p>\n\n\n\n<p>Tambi\u00e9n acus\u00f3 que han padecido acoso laboral por parte del director del nosocomio; la administradora Aureliana Castro y el titular de Recursos Humanos, Isa\u00edas Pastor.<\/p>\n\n\n\n<p>\u201cNos est\u00e1n despidiendo injustificadamente. Nos est\u00e1n quitando nuestro trabajo del cual depende toda nuestra familia. Somos 14 compa\u00f1eros\u201d, enfatiz\u00f3.<\/p>\n\n\n\n<p>Gonz\u00e1lez Pav\u00f3n denunci\u00f3 que est\u00e1n dejando en sus lugares a trabajadores se\u00f1alados por constantes quejas tras presentarse a su espacio laboral en estado de ebriedad y por maltrato a los pacientes.Coment\u00f3 que cuentan con un contrato denominado U013, mismo que firman cada cuatro meses.&nbsp;<\/p>\n\n\n\n<p>El pasado 30 de abril se venc\u00eda, pero les informaron que siguieran trabajando; sin embargo, no les quieren pagar la \u00faltima quincena.<\/p>\n\n\n\n<p>\u201cPreguntamos si pod\u00edamos seguir laborando normal despu\u00e9s de eso, nos dijeron que s\u00ed, pero no nos quieren hacer v\u00e1lido nuestro pago por todos estos d\u00edas laborados. Venimos desde lejos, queremos que intervenga el se\u00f1or gobernador Cuitl\u00e1huac Garc\u00eda Jim\u00e9nez, que se investiguen todas las irregularidades que est\u00e1n pasando en el \u00e1rea administrativa en nuestro hospital, en cuanto a lo que es el \u00e1rea de recursos econ\u00f3micos\u201d, remat\u00f3 la enfermera.<br><\/p>\n\n\n\n<figure class=\"wp-block-image size-large\"><img loading=\"lazy\" decoding=\"async\" width=\"1024\" height=\"576\" src=\"https:\/\/encuentroinformativo.com.mx\/wp-content\/uploads\/2021\/05\/D0633230-6B6F-48C6-8E28-B8199BBDB48E-1024x576.jpeg\" alt=\"\" class=\"wp-image-14081\" srcset=\"https:\/\/encuentroinformativo.com.mx\/wp-content\/uploads\/2021\/05\/D0633230-6B6F-48C6-8E28-B8199BBDB48E-1024x576.jpeg 1024w, https:\/\/encuentroinformativo.com.mx\/wp-content\/uploads\/2021\/05\/D0633230-6B6F-48C6-8E28-B8199BBDB48E-300x169.jpeg 300w, https:\/\/encuentroinformativo.com.mx\/wp-content\/uploads\/2021\/05\/D0633230-6B6F-48C6-8E28-B8199BBDB48E-768x432.jpeg 768w, https:\/\/encuentroinformativo.com.mx\/wp-content\/uploads\/2021\/05\/D0633230-6B6F-48C6-8E28-B8199BBDB48E-1536x864.jpeg 1536w, https:\/\/encuentroinformativo.com.mx\/wp-content\/uploads\/2021\/05\/D0633230-6B6F-48C6-8E28-B8199BBDB48E.jpeg 1600w\" sizes=\"auto, (max-width: 1024px) 100vw, 1024px\" \/><\/figure>\n","protected":false},"excerpt":{"rendered":"<p>Juan Arcos\/Dar\u00edo Pale Xalapa, Ver.- Un total de 14 enfermeras denunciaron haber sido despedidas injustificadamente del Hospital de la Laguna Poblado Seis, en el municipio de Uxpanapa, ubicado en la zona sur de Veracruz. Un grupo de ellas protest\u00f3 frente a Palacio de Gobierno para exigir al titular de la Secretar\u00eda de Salud de Veracruz, [&hellip;]<\/p>\n","protected":false},"author":1,"featured_media":14080,"comment_status":"open","ping_status":"open","sticky":false,"template":"","format":"standard","meta":{"_jetpack_memberships_contains_paid_content":false,"footnotes":""},"categories":[2],"tags":[],"class_list":["post-14079","post","type-post","status-publish","format-standard","has-post-thumbnail","hentry","category-estado"],"jetpack_featured_media_url":"https:\/\/encuentroinformativo.com.mx\/wp-content\/uploads\/2021\/05\/134BBCB7-DAED-4F64-99C0-60F560B3D92A.jpeg","jetpack_sharing_enabled":true,"jetpack_likes_enabled":true,"amp_enabled":true,"_links":{"self":[{"href":"https:\/\/encuentroinformativo.com.mx\/index.php?rest_route=\/wp\/v2\/posts\/14079","targetHints":{"allow":["GET"]}}],"collection":[{"href":"https:\/\/encuentroinformativo.com.mx\/index.php?rest_route=\/wp\/v2\/posts"}],"about":[{"href":"https:\/\/encuentroinformativo.com.mx\/index.php?rest_route=\/wp\/v2\/types\/post"}],"author":[{"embeddable":true,"href":"https:\/\/encuentroinformativo.com.mx\/index.php?rest_route=\/wp\/v2\/users\/1"}],"replies":[{"embeddable":true,"href":"https:\/\/encuentroinformativo.com.mx\/index.php?rest_route=%2Fwp%2Fv2%2Fcomments&post=14079"}],"version-history":[{"count":1,"href":"https:\/\/encuentroinformativo.com.mx\/index.php?rest_route=\/wp\/v2\/posts\/14079\/revisions"}],"predecessor-version":[{"id":14082,"href":"https:\/\/encuentroinformativo.com.mx\/index.php?rest_route=\/wp\/v2\/posts\/14079\/revisions\/14082"}],"wp:featuredmedia":[{"embeddable":true,"href":"https:\/\/encuentroinformativo.com.mx\/index.php?rest_route=\/wp\/v2\/media\/14080"}],"wp:attachment":[{"href":"https:\/\/encuentroinformativo.com.mx\/index.php?rest_route=%2Fwp%2Fv2%2Fmedia&parent=14079"}],"wp:term":[{"taxonomy":"category","embeddable":true,"href":"https:\/\/encuentroinformativo.com.mx\/index.php?rest_route=%2Fwp%2Fv2%2Fcategories&post=14079"},{"taxonomy":"post_tag","embeddable":true,"href":"https:\/\/encuentroinformativo.com.mx\/index.php?rest_route=%2Fwp%2Fv2%2Ftags&post=14079"}],"curies":[{"name":"wp","href":"https:\/\/api.w.org\/{rel}","templated":true}]}}