{"id":1408,"date":"2020-03-30T13:47:08","date_gmt":"2020-03-30T19:47:08","guid":{"rendered":"https:\/\/encuentroinformativo.com\/?p=1408"},"modified":"2020-03-30T13:47:11","modified_gmt":"2020-03-30T19:47:11","slug":"ventas-se-desploman-con-protestas-comerciantes-reclaman-ayuda","status":"publish","type":"post","link":"https:\/\/encuentroinformativo.com.mx\/?p=1408","title":{"rendered":"Ventas se desploman, con protestas comerciantes reclaman ayuda"},"content":{"rendered":"\n<p><strong>Dar\u00edo Pale<\/strong><\/p>\n\n\n\n<p>Xalapa, Ver.- Yolanda Romero Rojas secretaria general de la Uni\u00f3n de\nVendedores Fijos y Semifijos del Parque Ju\u00e1rez, Los Tecajetes, Los Berros y los\nLagos, protestaron frente a Palacio de Gobierno en demanda de ser atendidos por\nautoridades estatales y saber de d\u00f3nde obtendr\u00e1n recursos para poder quedarse\nen casa y evitar contagios de Covid 19.&nbsp;<\/p>\n\n\n\n<p>Entrevistada en el parque Ju\u00e1rez previo a la manifestaci\u00f3n se\u00f1al\u00f3 \u201csabemos\nque el Presidente de la Rep\u00fablica ha destinado recursos para otorgar a la gente\nque como nosotros no tiene c\u00f3mo sostenerse durante todos estos d\u00edas. Sabemos\nque ese dinero ya debe estar en el estado pero no lo vemos por ninguna parte\u201d.<\/p>\n\n\n\n<p>Indic\u00f3 que desean ser recibidos por el gobernador para que les explique\nc\u00f3mo hacer frente a la cr\u00edtica situaci\u00f3n que viven puesto que no hay\nconsumidores.&nbsp;<\/p>\n\n\n\n<p>\u201cSe nos vienen tiempos peores porque ahora el ayuntamiento quiere que\ncerremos los locales esta semana pero no nos dicen c\u00f3mo nos van a apoyar\u201d,\nasegur\u00f3.&nbsp;<\/p>\n\n\n\n<p>Expres\u00f3 que en la Uni\u00f3n que representa hay 150 comerciantes del Parque\nJu\u00e1rez, de Los Lagos, de Los Tecajetes y de Los Berros y que todos presentan la\nmisma situaci\u00f3n cr\u00edtica.&nbsp;<\/p>\n\n\n\n<p>\u201cEs muy preocupante la situaci\u00f3n que vivimos, nuestras ventas han bajado\nhasta en un 90% y aun as\u00ed quieren que cerremos nuestros locales. Nos han dicho\nque el presidente municipal va crear empleos temporales, pero no sabemos cu\u00e1ndo\nser\u00e1 eso ni para qui\u00e9nes y de todas formas si nos dan empleo para pintar bancas\no barrer calles, de todas formas vamos a estar en la calle, expuestos, y eso es\nlo que seg\u00fan quieren evitar\u201d, dijo.&nbsp;<\/p>\n\n\n\n<p>Finalmente lament\u00f3 que a los boleros del parque Ju\u00e1rez ya les dieron un apoyo para que pudieran hacer frente a esta crisis pero fue por parte de la iniciativa privada no fue ning\u00fan gobierno.<\/p>\n\n\n\n<figure class=\"wp-block-gallery columns-2 is-cropped wp-block-gallery-1 is-layout-flex wp-block-gallery-is-layout-flex\"><ul class=\"blocks-gallery-grid\"><li class=\"blocks-gallery-item\"><figure><img loading=\"lazy\" decoding=\"async\" width=\"1024\" height=\"682\" src=\"https:\/\/encuentroinformativo.com.mx\/wp-content\/uploads\/2020\/03\/494A8702-11F6-4479-9030-6604A1B4D044-1024x682.jpeg\" alt=\"\" data-id=\"1407\" data-full-url=\"https:\/\/encuentroinformativo.com.mx\/wp-content\/uploads\/2020\/03\/494A8702-11F6-4479-9030-6604A1B4D044.jpeg\" data-link=\"https:\/\/encuentroinformativo.com.mx\/?attachment_id=1407\" class=\"wp-image-1407\" srcset=\"https:\/\/encuentroinformativo.com.mx\/wp-content\/uploads\/2020\/03\/494A8702-11F6-4479-9030-6604A1B4D044-1024x682.jpeg 1024w, https:\/\/encuentroinformativo.com.mx\/wp-content\/uploads\/2020\/03\/494A8702-11F6-4479-9030-6604A1B4D044-300x200.jpeg 300w, https:\/\/encuentroinformativo.com.mx\/wp-content\/uploads\/2020\/03\/494A8702-11F6-4479-9030-6604A1B4D044-768x512.jpeg 768w, https:\/\/encuentroinformativo.com.mx\/wp-content\/uploads\/2020\/03\/494A8702-11F6-4479-9030-6604A1B4D044.jpeg 1280w\" sizes=\"auto, (max-width: 1024px) 100vw, 1024px\" \/><\/figure><\/li><li class=\"blocks-gallery-item\"><figure><img loading=\"lazy\" decoding=\"async\" width=\"1024\" height=\"682\" src=\"https:\/\/encuentroinformativo.com.mx\/wp-content\/uploads\/2020\/03\/4F852333-47D5-490B-B4EB-1F05296C6E65-1024x682.jpeg\" alt=\"\" data-id=\"1406\" data-full-url=\"https:\/\/encuentroinformativo.com.mx\/wp-content\/uploads\/2020\/03\/4F852333-47D5-490B-B4EB-1F05296C6E65.jpeg\" data-link=\"https:\/\/encuentroinformativo.com.mx\/?attachment_id=1406\" class=\"wp-image-1406\" srcset=\"https:\/\/encuentroinformativo.com.mx\/wp-content\/uploads\/2020\/03\/4F852333-47D5-490B-B4EB-1F05296C6E65-1024x682.jpeg 1024w, https:\/\/encuentroinformativo.com.mx\/wp-content\/uploads\/2020\/03\/4F852333-47D5-490B-B4EB-1F05296C6E65-300x200.jpeg 300w, https:\/\/encuentroinformativo.com.mx\/wp-content\/uploads\/2020\/03\/4F852333-47D5-490B-B4EB-1F05296C6E65-768x512.jpeg 768w, https:\/\/encuentroinformativo.com.mx\/wp-content\/uploads\/2020\/03\/4F852333-47D5-490B-B4EB-1F05296C6E65.jpeg 1280w\" sizes=\"auto, (max-width: 1024px) 100vw, 1024px\" \/><\/figure><\/li><\/ul><\/figure>\n","protected":false},"excerpt":{"rendered":"<p>Dar\u00edo Pale Xalapa, Ver.- Yolanda Romero Rojas secretaria general de la Uni\u00f3n de Vendedores Fijos y Semifijos del Parque Ju\u00e1rez, Los Tecajetes, Los Berros y los Lagos, protestaron frente a Palacio de Gobierno en demanda de ser atendidos por autoridades estatales y saber de d\u00f3nde obtendr\u00e1n recursos para poder quedarse en casa y evitar contagios [&hellip;]<\/p>\n","protected":false},"author":1,"featured_media":1405,"comment_status":"open","ping_status":"open","sticky":false,"template":"","format":"standard","meta":{"_jetpack_memberships_contains_paid_content":false,"footnotes":""},"categories":[3],"tags":[],"class_list":["post-1408","post","type-post","status-publish","format-standard","has-post-thumbnail","hentry","category-xalapa"],"jetpack_featured_media_url":"https:\/\/encuentroinformativo.com.mx\/wp-content\/uploads\/2020\/03\/041391DB-3ED5-42B1-B087-76AE90F5D497.jpeg","jetpack_sharing_enabled":true,"jetpack_likes_enabled":true,"amp_enabled":true,"_links":{"self":[{"href":"https:\/\/encuentroinformativo.com.mx\/index.php?rest_route=\/wp\/v2\/posts\/1408","targetHints":{"allow":["GET"]}}],"collection":[{"href":"https:\/\/encuentroinformativo.com.mx\/index.php?rest_route=\/wp\/v2\/posts"}],"about":[{"href":"https:\/\/encuentroinformativo.com.mx\/index.php?rest_route=\/wp\/v2\/types\/post"}],"author":[{"embeddable":true,"href":"https:\/\/encuentroinformativo.com.mx\/index.php?rest_route=\/wp\/v2\/users\/1"}],"replies":[{"embeddable":true,"href":"https:\/\/encuentroinformativo.com.mx\/index.php?rest_route=%2Fwp%2Fv2%2Fcomments&post=1408"}],"version-history":[{"count":1,"href":"https:\/\/encuentroinformativo.com.mx\/index.php?rest_route=\/wp\/v2\/posts\/1408\/revisions"}],"predecessor-version":[{"id":1409,"href":"https:\/\/encuentroinformativo.com.mx\/index.php?rest_route=\/wp\/v2\/posts\/1408\/revisions\/1409"}],"wp:featuredmedia":[{"embeddable":true,"href":"https:\/\/encuentroinformativo.com.mx\/index.php?rest_route=\/wp\/v2\/media\/1405"}],"wp:attachment":[{"href":"https:\/\/encuentroinformativo.com.mx\/index.php?rest_route=%2Fwp%2Fv2%2Fmedia&parent=1408"}],"wp:term":[{"taxonomy":"category","embeddable":true,"href":"https:\/\/encuentroinformativo.com.mx\/index.php?rest_route=%2Fwp%2Fv2%2Fcategories&post=1408"},{"taxonomy":"post_tag","embeddable":true,"href":"https:\/\/encuentroinformativo.com.mx\/index.php?rest_route=%2Fwp%2Fv2%2Ftags&post=1408"}],"curies":[{"name":"wp","href":"https:\/\/api.w.org\/{rel}","templated":true}]}}