{"id":14088,"date":"2021-05-14T15:06:35","date_gmt":"2021-05-14T20:06:35","guid":{"rendered":"https:\/\/encuentroinformativo.com.mx\/?p=14088"},"modified":"2021-05-14T15:06:39","modified_gmt":"2021-05-14T20:06:39","slug":"adelanta-chiquiyunes-demandara-obras-a-gobierno-estatal","status":"publish","type":"post","link":"https:\/\/encuentroinformativo.com.mx\/?p=14088","title":{"rendered":"Adelanta Chiquiyunes, demandar\u00e1 obras a gobierno estatal"},"content":{"rendered":"\n<p><strong>Alejandro \u00c1vila<\/strong><\/p>\n\n\n\n<p>Veracruz, Ver.- Desde la desaparici\u00f3n del Fondo Ambiental Veracruzano, el proyecto de recuperaci\u00f3n de la Laguna del Coyol en el municipio de Veracruz qued\u00f3 inconcluso, por tal motivo, el candidato de la alianza &#8220;Veracruz Va&#8221;, Miguel \u00c1ngel Yunes M\u00e1rquez, exigir\u00e1 a las autoridades se concluya el trabajo que beneficiar\u00e1 a miles de ciudadanos.<\/p>\n\n\n\n<p>Se respetar\u00e1n y defender\u00e1n los vasos reguladores, especialmente el \u00c1rea Natural Protegida de Tembladeras, porque son zonas de amortiguamiento para evitar inundaciones en caso de lluvias.<\/p>\n\n\n\n<p>\u201cUno de los retos en el tema de infraestructura es que sea un desarrollo sustentable. Vamos a procurar que Veracruz sea una ciudad con un desarrollo respetuoso de la naturaleza\u201d, subray\u00f3.<\/p>\n\n\n\n<p>Este programa municipal iniciar\u00eda con el dragado de la Laguna Lagartos, la rehabilitaci\u00f3n integral de la Laguna Tarimoya y la Laguna San Juli\u00e1n, as\u00ed como la construcci\u00f3n de un corredor peatonal en la Laguna Olmeca, vasos reguladores importantes en la zona conurbada; adem\u00e1s de exigir al gobierno estatal contin\u00fae la obra de rehabilitaci\u00f3n de la laguna El Encanto hasta que quede concluida.<\/p>\n\n\n\n<p>Miguel \u00c1ngel Yunes M\u00e1rquez inform\u00f3 que tambi\u00e9n realizar\u00e1 una reforestaci\u00f3n masiva y perdurable de camellones, parques, y en la Gran Plaza del Malec\u00f3n.&nbsp;<\/p>\n\n\n\n<p>\u201cHaremos un esfuerzo importante en materia de reforestaci\u00f3n, queremos sembrar muchos \u00e1rboles en la ciudad, incluidas las zonas donde no los hay, como lo es la zona del Malec\u00f3n para mejorar el entorno y crear pulmones urbanos\u201d, reiter\u00f3.<\/p>\n\n\n\n<p>Manifest\u00f3 que tambi\u00e9n rehabilitar\u00e1 y remodelar\u00e1 el Parque Viveros, que es uno de los pulmones m\u00e1s importantes de la ciudad de Veracruz.&nbsp;<\/p>\n\n\n\n<p>\u201cEs de los pocos lugares d\u00f3nde hay abundante vegetaci\u00f3n\u201d, dijo.<\/p>\n","protected":false},"excerpt":{"rendered":"<p>Alejandro \u00c1vila Veracruz, Ver.- Desde la desaparici\u00f3n del Fondo Ambiental Veracruzano, el proyecto de recuperaci\u00f3n de la Laguna del Coyol en el municipio de Veracruz qued\u00f3 inconcluso, por tal motivo, el candidato de la alianza &#8220;Veracruz Va&#8221;, Miguel \u00c1ngel Yunes M\u00e1rquez, exigir\u00e1 a las autoridades se concluya el trabajo que beneficiar\u00e1 a miles de ciudadanos. [&hellip;]<\/p>\n","protected":false},"author":1,"featured_media":14089,"comment_status":"open","ping_status":"open","sticky":false,"template":"","format":"standard","meta":{"_jetpack_memberships_contains_paid_content":false,"footnotes":""},"categories":[2],"tags":[],"class_list":["post-14088","post","type-post","status-publish","format-standard","has-post-thumbnail","hentry","category-estado"],"jetpack_featured_media_url":"https:\/\/encuentroinformativo.com.mx\/wp-content\/uploads\/2021\/05\/0C9D613F-64A6-4169-91F9-55B60773B965.jpeg","jetpack_sharing_enabled":true,"jetpack_likes_enabled":true,"amp_enabled":true,"_links":{"self":[{"href":"https:\/\/encuentroinformativo.com.mx\/index.php?rest_route=\/wp\/v2\/posts\/14088","targetHints":{"allow":["GET"]}}],"collection":[{"href":"https:\/\/encuentroinformativo.com.mx\/index.php?rest_route=\/wp\/v2\/posts"}],"about":[{"href":"https:\/\/encuentroinformativo.com.mx\/index.php?rest_route=\/wp\/v2\/types\/post"}],"author":[{"embeddable":true,"href":"https:\/\/encuentroinformativo.com.mx\/index.php?rest_route=\/wp\/v2\/users\/1"}],"replies":[{"embeddable":true,"href":"https:\/\/encuentroinformativo.com.mx\/index.php?rest_route=%2Fwp%2Fv2%2Fcomments&post=14088"}],"version-history":[{"count":1,"href":"https:\/\/encuentroinformativo.com.mx\/index.php?rest_route=\/wp\/v2\/posts\/14088\/revisions"}],"predecessor-version":[{"id":14090,"href":"https:\/\/encuentroinformativo.com.mx\/index.php?rest_route=\/wp\/v2\/posts\/14088\/revisions\/14090"}],"wp:featuredmedia":[{"embeddable":true,"href":"https:\/\/encuentroinformativo.com.mx\/index.php?rest_route=\/wp\/v2\/media\/14089"}],"wp:attachment":[{"href":"https:\/\/encuentroinformativo.com.mx\/index.php?rest_route=%2Fwp%2Fv2%2Fmedia&parent=14088"}],"wp:term":[{"taxonomy":"category","embeddable":true,"href":"https:\/\/encuentroinformativo.com.mx\/index.php?rest_route=%2Fwp%2Fv2%2Fcategories&post=14088"},{"taxonomy":"post_tag","embeddable":true,"href":"https:\/\/encuentroinformativo.com.mx\/index.php?rest_route=%2Fwp%2Fv2%2Ftags&post=14088"}],"curies":[{"name":"wp","href":"https:\/\/api.w.org\/{rel}","templated":true}]}}