{"id":1410,"date":"2020-03-30T16:38:00","date_gmt":"2020-03-30T22:38:00","guid":{"rendered":"https:\/\/encuentroinformativo.com\/?p=1410"},"modified":"2020-03-30T21:45:16","modified_gmt":"2020-03-31T03:45:16","slug":"piden-a-autoridades-academicas-participar-contra-covid19","status":"publish","type":"post","link":"https:\/\/encuentroinformativo.com.mx\/?p=1410","title":{"rendered":"Piden a autoridades acad\u00e9micas participar contra Covid19"},"content":{"rendered":"\n<p><strong>Juan Arcos <\/strong><\/p>\n\n\n\n<p>Xalapa, Ver.- La Universidad Veracruzana (UV) cuenta con 15 mil estudiantes y acad\u00e9micos en el \u00e1rea de Salud que podr\u00edan ayudar a atender la pandemia del COVID-19, misma que ya ocasion\u00f3 una defunci\u00f3n en la entidad.<\/p>\n\n\n\n<p>As\u00ed lo consider\u00f3 Dar\u00edo Fabi\u00e1n Hern\u00e1ndez Gonz\u00e1lez, director del Sistema de Planeaci\u00f3n del gobierno del estado, quien adem\u00e1s hizo un llamado a las autoridades universitarias para que la m\u00e1xima casa de estudios se involucre en el tema.<\/p>\n\n\n\n<p>\u201cLa universidad podr\u00eda ser un protagonista y no un espectador de todo lo que est\u00e1 sucediendo. Tenemos 15 mil estudiantes y acad\u00e9micos en el \u00e1rea de la Salud a quienes mandaron a sus casas a resguardarse\u201d.<\/p>\n\n\n\n<p>Sin embargo, record\u00f3 que los principios morales y \u00e9ticos de la salud invitan a los profesionales a estar pendientes y hacer un \u00e1rea de atenci\u00f3n para hacer frente al problema.<\/p>\n\n\n\n<p>\u201cSi la UV no puede atender a la poblaci\u00f3n afectada por el COVIT-19, si podr\u00eda en cada facultad de medicina, las cinco de todo el Estado, atender a toda la poblaci\u00f3n de los hospitales no afectada por la pandemia, a fin de despejar las unidades m\u00e9dicas y dejar los hospitales gubernamentales despejados\u201d.<\/p>\n\n\n\n<p>A su juicio, las universidades p\u00fablicas y privadas tienen el personal y la infraestructura para contribuir en atender, prevenir y aminorar situaciones de riesgo como la contingencia.<\/p>\n\n\n\n<p>\u201cAun cuando tengan un consultorio m\u00e9dico exclusivo para el personal acad\u00e9mico para revisar al personal UV sobre temas de COVID-19, a\u00fan cuando tenga algunos esfuerzos aislados de algunos pocos estudiantes y acad\u00e9micos haciendo gel o mascaras en impresoras 3D, No hay un esfuerzo ni un verdadero plan institucional\u201d.<\/p>\n\n\n\n<p>Hern\u00e1ndez Gonz\u00e1lez, quien fue director del Instituto de Investigaciones y Estudios Superiores Econ\u00f3micos y Sociales (IIESES) en el periodo 2016-2019, coment\u00f3 que las cinco zonas universitarias que tienen cobertura de norte a sur en la entidad podr\u00edan contribuir a hacer frente a esta pandemia.<\/p>\n\n\n\n<p>\u201cSobre todo las autoridades universitarias, pero tambi\u00e9n los acad\u00e9micos, estudiantes y practicantes universitarios de la salud; m\u00e9dicos, enfermeros, especialistas en qu\u00edmica, histopatolog\u00edas, nutri\u00f3logos. Tienen mucho que aportar para aminorar lo efectos de la contingencia, pero no est\u00e1 sucediendo institucionalmente, no descartamos los esfuerzos individuales, pero las autoridades universitarias No est\u00e1n a la altura de las circunstancias\u201d, a\u00f1adi\u00f3.<\/p>\n","protected":false},"excerpt":{"rendered":"<p>Juan Arcos Xalapa, Ver.- La Universidad Veracruzana (UV) cuenta con 15 mil estudiantes y acad\u00e9micos en el \u00e1rea de Salud que podr\u00edan ayudar a atender la pandemia del COVID-19, misma que ya ocasion\u00f3 una defunci\u00f3n en la entidad. As\u00ed lo consider\u00f3 Dar\u00edo Fabi\u00e1n Hern\u00e1ndez Gonz\u00e1lez, director del Sistema de Planeaci\u00f3n del gobierno del estado, quien [&hellip;]<\/p>\n","protected":false},"author":1,"featured_media":1411,"comment_status":"open","ping_status":"open","sticky":false,"template":"","format":"standard","meta":{"_jetpack_memberships_contains_paid_content":false,"footnotes":""},"categories":[2],"tags":[],"class_list":["post-1410","post","type-post","status-publish","format-standard","has-post-thumbnail","hentry","category-estado"],"jetpack_featured_media_url":"https:\/\/encuentroinformativo.com.mx\/wp-content\/uploads\/2020\/03\/55EB7CD5-C2FF-4547-86FD-5FD5B892BB02.jpeg","jetpack_sharing_enabled":true,"jetpack_likes_enabled":true,"amp_enabled":true,"_links":{"self":[{"href":"https:\/\/encuentroinformativo.com.mx\/index.php?rest_route=\/wp\/v2\/posts\/1410","targetHints":{"allow":["GET"]}}],"collection":[{"href":"https:\/\/encuentroinformativo.com.mx\/index.php?rest_route=\/wp\/v2\/posts"}],"about":[{"href":"https:\/\/encuentroinformativo.com.mx\/index.php?rest_route=\/wp\/v2\/types\/post"}],"author":[{"embeddable":true,"href":"https:\/\/encuentroinformativo.com.mx\/index.php?rest_route=\/wp\/v2\/users\/1"}],"replies":[{"embeddable":true,"href":"https:\/\/encuentroinformativo.com.mx\/index.php?rest_route=%2Fwp%2Fv2%2Fcomments&post=1410"}],"version-history":[{"count":1,"href":"https:\/\/encuentroinformativo.com.mx\/index.php?rest_route=\/wp\/v2\/posts\/1410\/revisions"}],"predecessor-version":[{"id":1412,"href":"https:\/\/encuentroinformativo.com.mx\/index.php?rest_route=\/wp\/v2\/posts\/1410\/revisions\/1412"}],"wp:featuredmedia":[{"embeddable":true,"href":"https:\/\/encuentroinformativo.com.mx\/index.php?rest_route=\/wp\/v2\/media\/1411"}],"wp:attachment":[{"href":"https:\/\/encuentroinformativo.com.mx\/index.php?rest_route=%2Fwp%2Fv2%2Fmedia&parent=1410"}],"wp:term":[{"taxonomy":"category","embeddable":true,"href":"https:\/\/encuentroinformativo.com.mx\/index.php?rest_route=%2Fwp%2Fv2%2Fcategories&post=1410"},{"taxonomy":"post_tag","embeddable":true,"href":"https:\/\/encuentroinformativo.com.mx\/index.php?rest_route=%2Fwp%2Fv2%2Ftags&post=1410"}],"curies":[{"name":"wp","href":"https:\/\/api.w.org\/{rel}","templated":true}]}}