{"id":14101,"date":"2021-05-14T16:26:56","date_gmt":"2021-05-14T21:26:56","guid":{"rendered":"https:\/\/encuentroinformativo.com.mx\/?p=14101"},"modified":"2021-05-14T16:27:00","modified_gmt":"2021-05-14T21:27:00","slug":"candidata-de-morena-interpone-denuncia-contra-yunes-marquez","status":"publish","type":"post","link":"https:\/\/encuentroinformativo.com.mx\/?p=14101","title":{"rendered":"Candidata de Morena interpone denuncia contra Yunes M\u00e1rquez"},"content":{"rendered":"\n<p><strong>Dar\u00edo Pale <\/strong><\/p>\n\n\n\n<p>Xalapa, Ver.- La candidata de MORENA a regidora por el Ayuntamiento de Veracruz, Virginia Rold\u00e1n\u00a0 Ram\u00edrez present\u00f3 una denuncia\u00a0por los presuntos delitos de abuso de autoridad, coalici\u00f3n, tr\u00e1fico de influencias, falsificaci\u00f3n de documentos y de t\u00edtulos contra la fe p\u00fablica para justificar la residencia en dicho municipio del actual candidato de la coalici\u00f3n PAN-PRI-PRD a la alcald\u00eda de Veracruz, Miguel \u00c1ngel Yunes M\u00e1rquez.<\/p>\n\n\n\n<p>Entrevistados despu\u00e9s de interponer la denuncia en la Fiscal\u00eda General del Estado (FGE), el\u00a0abogado Jorge Reyes Peralta, quien represent\u00f3 a la candidata a regidora por MORENA, dio a conocer que la denuncia es en contra del candidato de la coalici\u00f3n Veracruz Va, Miguel \u00c1ngel Yunes M\u00e1rquez y su hermano, el presidente municipal, Fernando Yunes M\u00e1rquez, as\u00ed como de Maria Rebeca Gonz\u00e1lez Silva, secretaria del Ayuntamiento de Veracruz, Jean Franco Melchor Robinson, ex director de Gobernaci\u00f3n, Julio Alberto Torres Mart\u00ednez, actual Director de Gobernaci\u00f3n del Ayuntamiento de Veracruz y contra Mar\u00eda Teresa de Jes\u00fas Madrid y\u00a0 Federico Barrientos Ortiz, jefes de manzana en dicho puerto.<\/p>\n\n\n\n<p>Se\u00f1al\u00f3 que Miguel \u00c1ngel Yunes M\u00e1rquez, quien es originario de Xalapa, se registr\u00f3 como candidato\u00a0 con una constancia de residencia para avalar que vive en Veracruz Puerto desde hace tres a\u00f1os, con un documento que carece de fecha de suscripci\u00f3n, lo que aparentemente fue validado por el entonces director de Gobernaci\u00f3n.<\/p>\n\n\n\n<p>En diciembre, Yunes M\u00e1rquez cambi\u00f3 su credencial de elector con vigencia hasta 2025, porque ten\u00eda domicilio asentado en Boca del R\u00edo, agreg\u00f3 Reyes Peralta.<\/p>\n\n\n\n<p>&#8220;Con un amigo de ellos, un se\u00f1or Acosta, les renta supuestamente un departamento que est\u00e1 en la calle de Magallanes esquina Mart\u00ed, en el puerto de Veracruz y buscan a una jefa de manzana que certifica que \u00e9l tiene residiendo ah\u00ed dos a\u00f1os y fracci\u00f3n de meses. Esa jefa de manzana y esa constancia de residencia la v\u00e1lida el Director de Gobernaci\u00f3n en aquel tiempo, que ahora forma parte de la planilla de Miguel \u00c1ngel Yunes M\u00e1rquez al Ayuntamiento de Veracruz y una vez sentado lo anterior, en diciembre cambia su credencial de elector&#8221; expuso.<\/p>\n\n\n\n<p>Advirti\u00f3 que al asentar varios domicilios, Miguel \u00c1ngel Yunes M\u00e1rquez puede ser encarcelado por un juez de control, aunque los delitos que de le imputan en dicha denuncia no son graves.<\/p>\n\n\n\n<p>&#8220;Venimos a decirle a la Fiscal General del Estado, con el debido respeto que nos merece, que estamos listos para que esta carpeta de investigaci\u00f3n llegue a un juez de control&#8230;\u00e9l tiene tres o cuatro domicilios, dice que vive en Mart\u00ed, en Costa de Oro, que vive en Alvarado. Eso es motivo m\u00e1s que suficiente para que un juez de control &#8211; y con sus constantes viajes que tenemos ya acreditados a trav\u00e9s del INM- es suficiente para que le libren orden de aprehensi\u00f3n o si se presenta \u00e9l a la audiencia inicial, el juez de control le dicte prisi\u00f3n preventiva justificada porque no tiene la certeza el juez de que lo vuelva a ver por los domicilios que tiene y los recursos multimillonarios que tiene y que dale del pa\u00eds&#8221;, acus\u00f3.<\/p>\n\n\n\n<p>Tambi\u00e9n exigi\u00f3 a la Fiscal\u00eda General del Estado que soliciten al Congreso del Estado el desafuero de Fernando Yunes, alcalde del puerto de Veracruz.<\/p>\n\n\n\n<p>Finalmente cabe se\u00f1alar que MORENA impugn\u00f3 por estos mismos motivos, el registro como candidato de Miguel \u00c1ngel Yunes ante el OPLE, mismo que deber\u00e1 resolver el Tribunal Electoral de Veracruz.<\/p>\n","protected":false},"excerpt":{"rendered":"<p>Dar\u00edo Pale Xalapa, Ver.- La candidata de MORENA a regidora por el Ayuntamiento de Veracruz, Virginia Rold\u00e1n\u00a0 Ram\u00edrez present\u00f3 una denuncia\u00a0por los presuntos delitos de abuso de autoridad, coalici\u00f3n, tr\u00e1fico de influencias, falsificaci\u00f3n de documentos y de t\u00edtulos contra la fe p\u00fablica para justificar la residencia en dicho municipio del actual candidato de la coalici\u00f3n [&hellip;]<\/p>\n","protected":false},"author":1,"featured_media":14102,"comment_status":"open","ping_status":"open","sticky":false,"template":"","format":"standard","meta":{"_jetpack_memberships_contains_paid_content":false,"footnotes":""},"categories":[2],"tags":[],"class_list":["post-14101","post","type-post","status-publish","format-standard","has-post-thumbnail","hentry","category-estado"],"jetpack_featured_media_url":"https:\/\/encuentroinformativo.com.mx\/wp-content\/uploads\/2021\/05\/FB5F10FF-FA8D-4052-949D-F68BA96A371E.jpeg","jetpack_sharing_enabled":true,"jetpack_likes_enabled":true,"amp_enabled":true,"_links":{"self":[{"href":"https:\/\/encuentroinformativo.com.mx\/index.php?rest_route=\/wp\/v2\/posts\/14101","targetHints":{"allow":["GET"]}}],"collection":[{"href":"https:\/\/encuentroinformativo.com.mx\/index.php?rest_route=\/wp\/v2\/posts"}],"about":[{"href":"https:\/\/encuentroinformativo.com.mx\/index.php?rest_route=\/wp\/v2\/types\/post"}],"author":[{"embeddable":true,"href":"https:\/\/encuentroinformativo.com.mx\/index.php?rest_route=\/wp\/v2\/users\/1"}],"replies":[{"embeddable":true,"href":"https:\/\/encuentroinformativo.com.mx\/index.php?rest_route=%2Fwp%2Fv2%2Fcomments&post=14101"}],"version-history":[{"count":1,"href":"https:\/\/encuentroinformativo.com.mx\/index.php?rest_route=\/wp\/v2\/posts\/14101\/revisions"}],"predecessor-version":[{"id":14103,"href":"https:\/\/encuentroinformativo.com.mx\/index.php?rest_route=\/wp\/v2\/posts\/14101\/revisions\/14103"}],"wp:featuredmedia":[{"embeddable":true,"href":"https:\/\/encuentroinformativo.com.mx\/index.php?rest_route=\/wp\/v2\/media\/14102"}],"wp:attachment":[{"href":"https:\/\/encuentroinformativo.com.mx\/index.php?rest_route=%2Fwp%2Fv2%2Fmedia&parent=14101"}],"wp:term":[{"taxonomy":"category","embeddable":true,"href":"https:\/\/encuentroinformativo.com.mx\/index.php?rest_route=%2Fwp%2Fv2%2Fcategories&post=14101"},{"taxonomy":"post_tag","embeddable":true,"href":"https:\/\/encuentroinformativo.com.mx\/index.php?rest_route=%2Fwp%2Fv2%2Ftags&post=14101"}],"curies":[{"name":"wp","href":"https:\/\/api.w.org\/{rel}","templated":true}]}}