{"id":14104,"date":"2021-05-14T20:45:06","date_gmt":"2021-05-15T01:45:06","guid":{"rendered":"https:\/\/encuentroinformativo.com.mx\/?p=14104"},"modified":"2021-05-14T20:45:10","modified_gmt":"2021-05-15T01:45:10","slug":"madre-reclama-le-entreguen-cuerpo-de-su-hija-denuncio-negligencia","status":"publish","type":"post","link":"https:\/\/encuentroinformativo.com.mx\/?p=14104","title":{"rendered":"Madre reclama le entreguen cuerpo de su hija, denunci\u00f3 negligencia"},"content":{"rendered":"\n<p><strong>Alejandro \u00c1vila<\/strong><\/p>\n\n\n\n<p>Veracruz, Ver.- La se\u00f1ora Alma Ver\u00f3nica  Guerrero Aguilar, madre de la peque\u00f1a Hanna de apenas un a\u00f1o y siete meses, denunci\u00f3 negligencia m\u00e9dica ante la Fiscal\u00eda General del Estado por parte del Hospital Infantil, que provoc\u00f3 la muerte de su hija, y a 9 d\u00edas de haber fallecido, a\u00fan no le entregan su cuerpo.<\/p>\n\n\n\n<p>Mencion\u00f3 que acudi\u00f3 al Centro Integral de Justicia ubicado en la avenida Fidel Vel\u00e1zquez, para demandar a la Torre Pedi\u00e1trica debido a que no le proporcion\u00f3 dato alguno, del motivo de fallecimiento de la menor.<\/p>\n\n\n\n<p>Fue el pasado 6 de mayo, cuando la peque\u00f1a Hanna falleci\u00f3 en Hospital Infantil de Veracruz, por un presunto tumor cancer\u00edgeno, el cuerpo debio ser entregado horas despu\u00e9s, y la madre exige poder tener a su hija, para darle sepultura.<\/p>\n\n\n\n<p>La delegaci\u00f3n en Veracruz puerto de la Fiscal\u00eda General del Estado, tiene presuntamente el cuerpo en el Servicio M\u00e9dico Forense de Boca del R\u00edo, y no ha entregado a la menor a su madre, pues argumenta no hay un diagnostico de muerte, y que el personal encargado se encuentra en la ciudad de Xalapa.<\/p>\n\n\n\n<p>La se\u00f1ora mencion\u00f3 que la ni\u00f1a ingres\u00f3 al hospital el lunes 3 de mayo por un absceso en el cuello, pero despu\u00e9s de los medicamentos comenz\u00f3 a tener complicaciones, se\u00f1alando que el otorrinolaringologo le mencion\u00f3 era un absceso, y al momento de su muerte, le coment\u00f3 se trataba de un tumor.<\/p>\n\n\n\n<p>&#8220;Ya he venido, me traen a las vueltas, hoy son nueve d\u00edas que yo no puedo darle cristiana sepultura a mi hija y la verdad no se vale. Yo la verdad, lo \u00fanico que vengo a pedirles, que le tomen las muestras necesarias para que le hagan los estudios que ella requiera para saber de que fallecio y que me entreguen el cuerpo, no pido otra cosa, no estoy pidiendo algo imposible&#8221;, subray\u00f3.<\/p>\n\n\n\n<figure class=\"wp-block-image size-large\"><img loading=\"lazy\" decoding=\"async\" width=\"1024\" height=\"768\" src=\"https:\/\/encuentroinformativo.com.mx\/wp-content\/uploads\/2021\/05\/924E892E-3CFC-423B-97D4-52B1C2A6788C-1024x768.jpeg\" alt=\"\" class=\"wp-image-14106\" srcset=\"https:\/\/encuentroinformativo.com.mx\/wp-content\/uploads\/2021\/05\/924E892E-3CFC-423B-97D4-52B1C2A6788C-1024x768.jpeg 1024w, https:\/\/encuentroinformativo.com.mx\/wp-content\/uploads\/2021\/05\/924E892E-3CFC-423B-97D4-52B1C2A6788C-300x225.jpeg 300w, https:\/\/encuentroinformativo.com.mx\/wp-content\/uploads\/2021\/05\/924E892E-3CFC-423B-97D4-52B1C2A6788C-768x576.jpeg 768w, https:\/\/encuentroinformativo.com.mx\/wp-content\/uploads\/2021\/05\/924E892E-3CFC-423B-97D4-52B1C2A6788C-1536x1153.jpeg 1536w, https:\/\/encuentroinformativo.com.mx\/wp-content\/uploads\/2021\/05\/924E892E-3CFC-423B-97D4-52B1C2A6788C.jpeg 1599w\" sizes=\"auto, (max-width: 1024px) 100vw, 1024px\" \/><\/figure>\n","protected":false},"excerpt":{"rendered":"<p>Alejandro \u00c1vila Veracruz, Ver.- La se\u00f1ora Alma Ver\u00f3nica Guerrero Aguilar, madre de la peque\u00f1a Hanna de apenas un a\u00f1o y siete meses, denunci\u00f3 negligencia m\u00e9dica ante la Fiscal\u00eda General del Estado por parte del Hospital Infantil, que provoc\u00f3 la muerte de su hija, y a 9 d\u00edas de haber fallecido, a\u00fan no le entregan su [&hellip;]<\/p>\n","protected":false},"author":1,"featured_media":14105,"comment_status":"open","ping_status":"open","sticky":false,"template":"","format":"standard","meta":{"_jetpack_memberships_contains_paid_content":false,"footnotes":""},"categories":[2],"tags":[],"class_list":["post-14104","post","type-post","status-publish","format-standard","has-post-thumbnail","hentry","category-estado"],"jetpack_featured_media_url":"https:\/\/encuentroinformativo.com.mx\/wp-content\/uploads\/2021\/05\/6CEFB016-B3D8-4DEF-AEBC-7FC8F70E96AF.jpeg","jetpack_sharing_enabled":true,"jetpack_likes_enabled":true,"amp_enabled":true,"_links":{"self":[{"href":"https:\/\/encuentroinformativo.com.mx\/index.php?rest_route=\/wp\/v2\/posts\/14104","targetHints":{"allow":["GET"]}}],"collection":[{"href":"https:\/\/encuentroinformativo.com.mx\/index.php?rest_route=\/wp\/v2\/posts"}],"about":[{"href":"https:\/\/encuentroinformativo.com.mx\/index.php?rest_route=\/wp\/v2\/types\/post"}],"author":[{"embeddable":true,"href":"https:\/\/encuentroinformativo.com.mx\/index.php?rest_route=\/wp\/v2\/users\/1"}],"replies":[{"embeddable":true,"href":"https:\/\/encuentroinformativo.com.mx\/index.php?rest_route=%2Fwp%2Fv2%2Fcomments&post=14104"}],"version-history":[{"count":1,"href":"https:\/\/encuentroinformativo.com.mx\/index.php?rest_route=\/wp\/v2\/posts\/14104\/revisions"}],"predecessor-version":[{"id":14107,"href":"https:\/\/encuentroinformativo.com.mx\/index.php?rest_route=\/wp\/v2\/posts\/14104\/revisions\/14107"}],"wp:featuredmedia":[{"embeddable":true,"href":"https:\/\/encuentroinformativo.com.mx\/index.php?rest_route=\/wp\/v2\/media\/14105"}],"wp:attachment":[{"href":"https:\/\/encuentroinformativo.com.mx\/index.php?rest_route=%2Fwp%2Fv2%2Fmedia&parent=14104"}],"wp:term":[{"taxonomy":"category","embeddable":true,"href":"https:\/\/encuentroinformativo.com.mx\/index.php?rest_route=%2Fwp%2Fv2%2Fcategories&post=14104"},{"taxonomy":"post_tag","embeddable":true,"href":"https:\/\/encuentroinformativo.com.mx\/index.php?rest_route=%2Fwp%2Fv2%2Ftags&post=14104"}],"curies":[{"name":"wp","href":"https:\/\/api.w.org\/{rel}","templated":true}]}}