{"id":14111,"date":"2021-05-15T12:25:22","date_gmt":"2021-05-15T17:25:22","guid":{"rendered":"https:\/\/encuentroinformativo.com.mx\/?p=14111"},"modified":"2021-05-15T12:25:26","modified_gmt":"2021-05-15T17:25:26","slug":"impugnara-fuerza-por-mexico-cancelacion-de-candidaturas","status":"publish","type":"post","link":"https:\/\/encuentroinformativo.com.mx\/?p=14111","title":{"rendered":"Impugnar\u00e1 Fuerza por M\u00e9xico cancelaci\u00f3n de candidaturas"},"content":{"rendered":"\n<p><strong>Dar\u00edo Pale<\/strong><\/p>\n\n\n\n<p>Xalapa, Ver.- Debido a la resoluci\u00f3n del Organismo P\u00fablico Local Electoral (OPLE), donde anul\u00f3 19 candidaturas de Fuerza por M\u00e9xico el excandidato a la alcald\u00eda de Xalapa por dicho partido Eduardo Carre\u00f3n Mu\u00f1oz se\u00f1al\u00f3 que van a impugnar la cancelaci\u00f3n de todas las candidaturas.<\/p>\n\n\n\n<p>En conferencia de prensa realizada en conocido caf\u00e9 del centro de Xalapa asegur\u00f3 que\u00a0con la medida del organismo local se est\u00e1n afectando los derechos pol\u00edticos de las planillas que ya buscaban el voto, pues apenas este 14 de mayo se empez\u00f3 a dar la notificaci\u00f3n de las candidaturas.<\/p>\n\n\n\n<p>Se\u00f1al\u00f3 que lo correcto era que se diera la anulaci\u00f3n de candidaturas de hombres y mujeres y no s\u00f3lo de un g\u00e9nero; sumado a que el organismo incumpli\u00f3 los plazos establecidos para dar a conocer si los partidos pol\u00edticos cumpl\u00edan con la paridad de g\u00e9nero.<\/p>\n\n\n\n<p>\u201cEllos dieron un plazo de 48 horas y pasaron siete d\u00edas para la resoluci\u00f3n, entonces, quien incumpli\u00f3 primero fue el \u00f3rgano electoral (\u2026) y no entiendo porque la decisi\u00f3n de cancelar las 19 candidaturas sin siquiera dar posibilidad de sustituirlas\u201d, se\u00f1al\u00f3.<\/p>\n\n\n\n<p>El exaspirante a la alcald\u00eda de Xalapa, dijo que a trav\u00e9s de un sorteo fue afectado de manera directa, \u201cno solo golpeando una estrategia pol\u00edtica que desde hace muchos a\u00f1os se ve\u00eda en Xalapa\u201d.<\/p>\n\n\n\n<p>Es por ello que le l\u00e1stima que la decisi\u00f3n en esa t\u00f3mbola haya sido a Xalapa y a sus compa\u00f1eras y compa\u00f1eros por lo que apelando a sus derechos pol\u00edticos electorales y con la certeza y la confianza del comit\u00e9 nacional se va a impugnar el resultado, \u00a0para que de manera individual las presenten.<\/p>\n\n\n\n<p>Finalmente reconoci\u00f3 que cada uno de los candidatos tendr\u00e1 que impugnar ante la autoridad electoral para defender su derecho a votar y ser votado.<\/p>\n","protected":false},"excerpt":{"rendered":"<p>Dar\u00edo Pale Xalapa, Ver.- Debido a la resoluci\u00f3n del Organismo P\u00fablico Local Electoral (OPLE), donde anul\u00f3 19 candidaturas de Fuerza por M\u00e9xico el excandidato a la alcald\u00eda de Xalapa por dicho partido Eduardo Carre\u00f3n Mu\u00f1oz se\u00f1al\u00f3 que van a impugnar la cancelaci\u00f3n de todas las candidaturas. En conferencia de prensa realizada en conocido caf\u00e9 del [&hellip;]<\/p>\n","protected":false},"author":1,"featured_media":14112,"comment_status":"open","ping_status":"open","sticky":false,"template":"","format":"standard","meta":{"_jetpack_memberships_contains_paid_content":false,"footnotes":""},"categories":[2],"tags":[],"class_list":["post-14111","post","type-post","status-publish","format-standard","has-post-thumbnail","hentry","category-estado"],"jetpack_featured_media_url":"https:\/\/encuentroinformativo.com.mx\/wp-content\/uploads\/2021\/05\/59934371-7CFD-466C-808B-17A529C8D838.jpeg","jetpack_sharing_enabled":true,"jetpack_likes_enabled":true,"amp_enabled":true,"_links":{"self":[{"href":"https:\/\/encuentroinformativo.com.mx\/index.php?rest_route=\/wp\/v2\/posts\/14111","targetHints":{"allow":["GET"]}}],"collection":[{"href":"https:\/\/encuentroinformativo.com.mx\/index.php?rest_route=\/wp\/v2\/posts"}],"about":[{"href":"https:\/\/encuentroinformativo.com.mx\/index.php?rest_route=\/wp\/v2\/types\/post"}],"author":[{"embeddable":true,"href":"https:\/\/encuentroinformativo.com.mx\/index.php?rest_route=\/wp\/v2\/users\/1"}],"replies":[{"embeddable":true,"href":"https:\/\/encuentroinformativo.com.mx\/index.php?rest_route=%2Fwp%2Fv2%2Fcomments&post=14111"}],"version-history":[{"count":1,"href":"https:\/\/encuentroinformativo.com.mx\/index.php?rest_route=\/wp\/v2\/posts\/14111\/revisions"}],"predecessor-version":[{"id":14113,"href":"https:\/\/encuentroinformativo.com.mx\/index.php?rest_route=\/wp\/v2\/posts\/14111\/revisions\/14113"}],"wp:featuredmedia":[{"embeddable":true,"href":"https:\/\/encuentroinformativo.com.mx\/index.php?rest_route=\/wp\/v2\/media\/14112"}],"wp:attachment":[{"href":"https:\/\/encuentroinformativo.com.mx\/index.php?rest_route=%2Fwp%2Fv2%2Fmedia&parent=14111"}],"wp:term":[{"taxonomy":"category","embeddable":true,"href":"https:\/\/encuentroinformativo.com.mx\/index.php?rest_route=%2Fwp%2Fv2%2Fcategories&post=14111"},{"taxonomy":"post_tag","embeddable":true,"href":"https:\/\/encuentroinformativo.com.mx\/index.php?rest_route=%2Fwp%2Fv2%2Ftags&post=14111"}],"curies":[{"name":"wp","href":"https:\/\/api.w.org\/{rel}","templated":true}]}}