{"id":14117,"date":"2021-05-15T13:54:21","date_gmt":"2021-05-15T18:54:21","guid":{"rendered":"https:\/\/encuentroinformativo.com.mx\/?p=14117"},"modified":"2021-05-15T13:54:26","modified_gmt":"2021-05-15T18:54:26","slug":"en-tecolutla-fallece-reportero-en-accidente-automovilistico","status":"publish","type":"post","link":"https:\/\/encuentroinformativo.com.mx\/?p=14117","title":{"rendered":"En Tecolutla, fallece reportero en accidente automovil\u00edstico"},"content":{"rendered":"\n<p><strong>Alejandro \u00c1vila<\/strong><\/p>\n\n\n\n<p>Tecolutla, Ver.- El periodista Luis Alberto Maldonado Gonz\u00e1lez, falleci\u00f3 la madrugada de este s\u00e1bado en un accidente autom\u00f3vilistico cerca de la localidad La Vigueta del municipio de Tecolutla.<\/p>\n\n\n\n<p>El reportero era colaborador del portal web Noreste; adem\u00e1s contaba con una p\u00e1gina noticiosa de <em>Facebook<\/em>, de nombre Nueva Visi\u00f3n.<\/p>\n\n\n\n<p>Seg\u00fan los reportes policiales, los hechos ocurrieron a las 3 de la ma\u00f1ana de este s\u00e1bado, cuando Luis Maldonado circulaba por la carretera Papantla &#8211; Costa Esmeralda.<\/p>\n\n\n\n<p>Testigos llamaron a los n\u00fameros de emergencia para reportar un choque de gravedad a la altura de la comunidad La Vigueta.<\/p>\n\n\n\n<p>Se presume que un trailer estaba mal estacionado sobre la carretera y el veh\u00edculo que conduc\u00eda Luis Maldonado, apodado &#8220;El Flash&#8221;, lo impact\u00f3 por alcance, la unidad se encontraba quemada, por lo que podr\u00eda haber perdido la vida entre las llamas.<\/p>\n\n\n\n<p>Los reportes de testigos indican que la unidad de carga habr\u00eda sido la culpable al estar&nbsp; varado sobre la carretera sin los se\u00f1alamiento de vialidad adecuados; aunque a\u00fan se est\u00e1 en espera de que las autoridades pertinentes, den el parte oficial del accidente.<\/p>\n","protected":false},"excerpt":{"rendered":"<p>Alejandro \u00c1vila Tecolutla, Ver.- El periodista Luis Alberto Maldonado Gonz\u00e1lez, falleci\u00f3 la madrugada de este s\u00e1bado en un accidente autom\u00f3vilistico cerca de la localidad La Vigueta del municipio de Tecolutla. El reportero era colaborador del portal web Noreste; adem\u00e1s contaba con una p\u00e1gina noticiosa de Facebook, de nombre Nueva Visi\u00f3n. Seg\u00fan los reportes policiales, los [&hellip;]<\/p>\n","protected":false},"author":1,"featured_media":14118,"comment_status":"open","ping_status":"open","sticky":false,"template":"","format":"standard","meta":{"_jetpack_memberships_contains_paid_content":false,"footnotes":""},"categories":[14],"tags":[],"class_list":["post-14117","post","type-post","status-publish","format-standard","has-post-thumbnail","hentry","category-policiaca"],"jetpack_featured_media_url":"https:\/\/encuentroinformativo.com.mx\/wp-content\/uploads\/2021\/05\/1868B739-64E2-4C7D-8A0F-1A89DC729730.jpeg","jetpack_sharing_enabled":true,"jetpack_likes_enabled":true,"amp_enabled":true,"_links":{"self":[{"href":"https:\/\/encuentroinformativo.com.mx\/index.php?rest_route=\/wp\/v2\/posts\/14117","targetHints":{"allow":["GET"]}}],"collection":[{"href":"https:\/\/encuentroinformativo.com.mx\/index.php?rest_route=\/wp\/v2\/posts"}],"about":[{"href":"https:\/\/encuentroinformativo.com.mx\/index.php?rest_route=\/wp\/v2\/types\/post"}],"author":[{"embeddable":true,"href":"https:\/\/encuentroinformativo.com.mx\/index.php?rest_route=\/wp\/v2\/users\/1"}],"replies":[{"embeddable":true,"href":"https:\/\/encuentroinformativo.com.mx\/index.php?rest_route=%2Fwp%2Fv2%2Fcomments&post=14117"}],"version-history":[{"count":1,"href":"https:\/\/encuentroinformativo.com.mx\/index.php?rest_route=\/wp\/v2\/posts\/14117\/revisions"}],"predecessor-version":[{"id":14119,"href":"https:\/\/encuentroinformativo.com.mx\/index.php?rest_route=\/wp\/v2\/posts\/14117\/revisions\/14119"}],"wp:featuredmedia":[{"embeddable":true,"href":"https:\/\/encuentroinformativo.com.mx\/index.php?rest_route=\/wp\/v2\/media\/14118"}],"wp:attachment":[{"href":"https:\/\/encuentroinformativo.com.mx\/index.php?rest_route=%2Fwp%2Fv2%2Fmedia&parent=14117"}],"wp:term":[{"taxonomy":"category","embeddable":true,"href":"https:\/\/encuentroinformativo.com.mx\/index.php?rest_route=%2Fwp%2Fv2%2Fcategories&post=14117"},{"taxonomy":"post_tag","embeddable":true,"href":"https:\/\/encuentroinformativo.com.mx\/index.php?rest_route=%2Fwp%2Fv2%2Ftags&post=14117"}],"curies":[{"name":"wp","href":"https:\/\/api.w.org\/{rel}","templated":true}]}}