{"id":14134,"date":"2021-05-16T13:51:08","date_gmt":"2021-05-16T18:51:08","guid":{"rendered":"https:\/\/encuentroinformativo.com.mx\/?p=14134"},"modified":"2021-05-16T13:51:12","modified_gmt":"2021-05-16T18:51:12","slug":"presentan-denuncias-por-robos-constantes-a-primaria-vasconcelos","status":"publish","type":"post","link":"https:\/\/encuentroinformativo.com.mx\/?p=14134","title":{"rendered":"Presentan denuncias por robos constantes a primaria \u201cVasconcelos\u201d"},"content":{"rendered":"\n<p><strong>Juan Arcos<\/strong><\/p>\n\n\n\n<p>Xalapa, Ver.- Tres denuncias han sido presentadas en la Fiscal\u00eda General del Estado (FGE) por los constantes robos y saqueos a las instalaciones de la escuela primaria \u201cJos\u00e9 Vasconcelos\u201d.<\/p>\n\n\n\n<p>El plantel se encuentra sobre la calle Agua Santa de la unidad habitacional Agua Santa 2, en esta ciudad de Xalapa, donde han sido hurtadas las computadoras, fotocopiadoras, materiales did\u00e1cticos y hasta los mesabancos.\u00a0<\/p>\n\n\n\n<p>De acuerdo con Leticia Hern\u00e1ndez, presidenta de la mesa directiva, los delincuentes han forzado y dejados da\u00f1os en ventanas, chapas y puertas para ingresar a las instalaciones.<\/p>\n\n\n\n<p>\u201cQueremos un apoyo para la escuela y la verdad nos hace mucha falta porque nos han robado. La directora Susana Hern\u00e1ndez es quien est\u00e1 tratando de que nos apoyen, porque es una escuela que necesita mucho apoyo\u201d.<\/p>\n\n\n\n<p>Las madres y padres de familia temen que contin\u00faen los saqueos en los siguientes d\u00edas, debido a que las clases contin\u00faan siendo en l\u00ednea por la pandemia del SARS-COV-2 (COVID-19).<\/p>\n\n\n\n<p>La escuela fue fundada hace unos 20 a\u00f1os y actualmente cuenta con una matr\u00edcula de 60 alumnos.<\/p>\n\n\n\n<p>Leticia Hern\u00e1ndez se\u00f1al\u00f3 que el plantel carece de alumbrado y es considerado un lugar peligroso por los constantes saqueos que se han registrado.<\/p>\n\n\n\n<p>\u201cEst\u00e1 muy peligroso, no tenemos luz, entran a robar, s\u00ed hacen falta luminarias y todo eso. Se roban las computadoras, cosas de los ni\u00f1os, ya no hay mesas para los ni\u00f1os, no hay pintura para la escuela, las ventanas est\u00e1n cay\u00e9ndose, est\u00e1n rotas\u201d.<\/p>\n\n\n\n<p>Adem\u00e1s, mencion\u00f3 que hasta el momento no hay avances en las investigaciones por las denuncias que fueron presentadas en la Fiscal\u00eda General del Estado.<\/p>\n\n\n\n<p>Por tal motivo, las madres y padres de familia tambi\u00e9n pidieron a las autoridades educativas la construcci\u00f3n de bardas perimetrales y la instalaci\u00f3n de alumbrado, para evitar que los saqueos contin\u00faen ocurriendo.<\/p>\n","protected":false},"excerpt":{"rendered":"<p>Juan Arcos Xalapa, Ver.- Tres denuncias han sido presentadas en la Fiscal\u00eda General del Estado (FGE) por los constantes robos y saqueos a las instalaciones de la escuela primaria \u201cJos\u00e9 Vasconcelos\u201d. El plantel se encuentra sobre la calle Agua Santa de la unidad habitacional Agua Santa 2, en esta ciudad de Xalapa, donde han sido [&hellip;]<\/p>\n","protected":false},"author":1,"featured_media":11247,"comment_status":"open","ping_status":"open","sticky":false,"template":"","format":"standard","meta":{"_jetpack_memberships_contains_paid_content":false,"footnotes":""},"categories":[3],"tags":[],"class_list":["post-14134","post","type-post","status-publish","format-standard","has-post-thumbnail","hentry","category-xalapa"],"jetpack_featured_media_url":"https:\/\/encuentroinformativo.com.mx\/wp-content\/uploads\/2021\/02\/37984D2E-A173-4D91-B54B-C8CA7B2F1726.jpeg","jetpack_sharing_enabled":true,"jetpack_likes_enabled":true,"amp_enabled":true,"_links":{"self":[{"href":"https:\/\/encuentroinformativo.com.mx\/index.php?rest_route=\/wp\/v2\/posts\/14134","targetHints":{"allow":["GET"]}}],"collection":[{"href":"https:\/\/encuentroinformativo.com.mx\/index.php?rest_route=\/wp\/v2\/posts"}],"about":[{"href":"https:\/\/encuentroinformativo.com.mx\/index.php?rest_route=\/wp\/v2\/types\/post"}],"author":[{"embeddable":true,"href":"https:\/\/encuentroinformativo.com.mx\/index.php?rest_route=\/wp\/v2\/users\/1"}],"replies":[{"embeddable":true,"href":"https:\/\/encuentroinformativo.com.mx\/index.php?rest_route=%2Fwp%2Fv2%2Fcomments&post=14134"}],"version-history":[{"count":1,"href":"https:\/\/encuentroinformativo.com.mx\/index.php?rest_route=\/wp\/v2\/posts\/14134\/revisions"}],"predecessor-version":[{"id":14135,"href":"https:\/\/encuentroinformativo.com.mx\/index.php?rest_route=\/wp\/v2\/posts\/14134\/revisions\/14135"}],"wp:featuredmedia":[{"embeddable":true,"href":"https:\/\/encuentroinformativo.com.mx\/index.php?rest_route=\/wp\/v2\/media\/11247"}],"wp:attachment":[{"href":"https:\/\/encuentroinformativo.com.mx\/index.php?rest_route=%2Fwp%2Fv2%2Fmedia&parent=14134"}],"wp:term":[{"taxonomy":"category","embeddable":true,"href":"https:\/\/encuentroinformativo.com.mx\/index.php?rest_route=%2Fwp%2Fv2%2Fcategories&post=14134"},{"taxonomy":"post_tag","embeddable":true,"href":"https:\/\/encuentroinformativo.com.mx\/index.php?rest_route=%2Fwp%2Fv2%2Ftags&post=14134"}],"curies":[{"name":"wp","href":"https:\/\/api.w.org\/{rel}","templated":true}]}}