{"id":14145,"date":"2021-05-16T10:32:59","date_gmt":"2021-05-16T15:32:59","guid":{"rendered":"https:\/\/encuentroinformativo.com.mx\/?p=14145"},"modified":"2021-05-16T15:40:42","modified_gmt":"2021-05-16T20:40:42","slug":"recibe-organizacion-donacion-de-ambulancia-para-mascotas","status":"publish","type":"post","link":"https:\/\/encuentroinformativo.com.mx\/?p=14145","title":{"rendered":"Recibe organizaci\u00f3n donaci\u00f3n de ambulancia para mascotas"},"content":{"rendered":"\n<p><strong>Alejandro \u00c1vila<\/strong><\/p>\n\n\n\n<p>Veracruz, Ver.- La agrupaci\u00f3n animalista \u201cAmo la Vida, Grupo Pro Mejora Animal de Veracruz\u201d, recibi\u00f3 la donaci\u00f3n de una camioneta que fungir\u00e1 como ambulancia de mascotas, siendo esta la primera en la zona conurbada Veracruz &#8211; Boca del R\u00edo.<\/p>\n\n\n\n<p>Este veh\u00edculo fue donado por la Fundaci\u00f3n Fuser y amigos Asociaci\u00f3n Civil, ya que consideran ser\u00e1 de gran ayuda para dar la atenci\u00f3n r\u00e1pida a las mascotas de los ciudadanos de ambas ciudades.<\/p>\n\n\n\n<p>Este donativo de ayuda a la poblaci\u00f3n de cuatro patas, fue entregado por Adriana Manzana, en representaci\u00f3n del presidente de la fundaci\u00f3n, Alfredo N\u00e9stor Cruz Camacho; quien recibi\u00f3 el veh\u00edculo, fue Ana Mar\u00eda Rivas Sainz, presidenta de \u201cAmo la Vida Grupo Pro mejora Animal de Veracruz\u201d.<\/p>\n\n\n\n<p>\u201cSe compr\u00f3 una minivan y la acondicione con jaulas para donarla, esa asociaci\u00f3n le dar\u00e1 seguimiento a las campa\u00f1as de esterilizaci\u00f3n en gatos, vacunas y traslado de animales en situaci\u00f3n de calle y heridos. Mi compromiso, adem\u00e1s de donarla, es que les dar\u00e9 un apoyo econ\u00f3mico de 2 mil pesos mensuales para todos los perritos sin hogar, maltratados o que viven en la calle\u201d, subray\u00f3.<\/p>\n\n\n\n<p>Adriana Manzano, dijo que de manera personal ha estado ayudando a las mascotas en situaci\u00f3n de calle o violentados, donde incluso, ha podido reubicar a algunos con familias en el extranjero.<\/p>\n\n\n\n<p>Por su parte, Alfredo Nestor Cruz Camacho, dijo en entrevista telef\u00f3nica, que invertir\u00e1 dos mil pesos mensuales para darle apoyo al grupo animalista, pues aunque \u00e9l intenta ayudar a las mascotas, su trabajo no le permite dedicarse al cien por ciento al apoyo.<\/p>\n\n\n\n<p>Cabe destacar que esta es la primera unidad m\u00f3vil que servir\u00e1 de ambulancia canina y otras especies, ya que se trata de salvar a los animales en situaci\u00f3n de calle o con maltrato; adem\u00e1s, se dar\u00e1 apoyo a animales que requieran traslado y sean de personas de escasos recursos.\u00a0<\/p>\n","protected":false},"excerpt":{"rendered":"<p>Alejandro \u00c1vila Veracruz, Ver.- La agrupaci\u00f3n animalista \u201cAmo la Vida, Grupo Pro Mejora Animal de Veracruz\u201d, recibi\u00f3 la donaci\u00f3n de una camioneta que fungir\u00e1 como ambulancia de mascotas, siendo esta la primera en la zona conurbada Veracruz &#8211; Boca del R\u00edo. Este veh\u00edculo fue donado por la Fundaci\u00f3n Fuser y amigos Asociaci\u00f3n Civil, ya que [&hellip;]<\/p>\n","protected":false},"author":1,"featured_media":14146,"comment_status":"open","ping_status":"open","sticky":false,"template":"","format":"standard","meta":{"_jetpack_memberships_contains_paid_content":false,"footnotes":""},"categories":[2],"tags":[],"class_list":["post-14145","post","type-post","status-publish","format-standard","has-post-thumbnail","hentry","category-estado"],"jetpack_featured_media_url":"https:\/\/encuentroinformativo.com.mx\/wp-content\/uploads\/2021\/05\/3BB2DEAD-95EE-4D90-9347-A7778BD1D4FC.jpeg","jetpack_sharing_enabled":true,"jetpack_likes_enabled":true,"amp_enabled":true,"_links":{"self":[{"href":"https:\/\/encuentroinformativo.com.mx\/index.php?rest_route=\/wp\/v2\/posts\/14145","targetHints":{"allow":["GET"]}}],"collection":[{"href":"https:\/\/encuentroinformativo.com.mx\/index.php?rest_route=\/wp\/v2\/posts"}],"about":[{"href":"https:\/\/encuentroinformativo.com.mx\/index.php?rest_route=\/wp\/v2\/types\/post"}],"author":[{"embeddable":true,"href":"https:\/\/encuentroinformativo.com.mx\/index.php?rest_route=\/wp\/v2\/users\/1"}],"replies":[{"embeddable":true,"href":"https:\/\/encuentroinformativo.com.mx\/index.php?rest_route=%2Fwp%2Fv2%2Fcomments&post=14145"}],"version-history":[{"count":1,"href":"https:\/\/encuentroinformativo.com.mx\/index.php?rest_route=\/wp\/v2\/posts\/14145\/revisions"}],"predecessor-version":[{"id":14147,"href":"https:\/\/encuentroinformativo.com.mx\/index.php?rest_route=\/wp\/v2\/posts\/14145\/revisions\/14147"}],"wp:featuredmedia":[{"embeddable":true,"href":"https:\/\/encuentroinformativo.com.mx\/index.php?rest_route=\/wp\/v2\/media\/14146"}],"wp:attachment":[{"href":"https:\/\/encuentroinformativo.com.mx\/index.php?rest_route=%2Fwp%2Fv2%2Fmedia&parent=14145"}],"wp:term":[{"taxonomy":"category","embeddable":true,"href":"https:\/\/encuentroinformativo.com.mx\/index.php?rest_route=%2Fwp%2Fv2%2Fcategories&post=14145"},{"taxonomy":"post_tag","embeddable":true,"href":"https:\/\/encuentroinformativo.com.mx\/index.php?rest_route=%2Fwp%2Fv2%2Ftags&post=14145"}],"curies":[{"name":"wp","href":"https:\/\/api.w.org\/{rel}","templated":true}]}}