{"id":14151,"date":"2021-05-16T18:47:49","date_gmt":"2021-05-16T23:47:49","guid":{"rendered":"https:\/\/encuentroinformativo.com.mx\/?p=14151"},"modified":"2021-05-16T18:47:54","modified_gmt":"2021-05-16T23:47:54","slug":"encuentran-asesinado-a-precandidato-de-morena-en-misantla","status":"publish","type":"post","link":"https:\/\/encuentroinformativo.com.mx\/?p=14151","title":{"rendered":"Encuentran asesinado a precandidato de Morena en Misantla"},"content":{"rendered":"\n<p><strong>Juan Arcos<\/strong><\/p>\n\n\n\n<p>Xalapa, Ver.- Jos\u00e9 Alfredo Gaspar Guti\u00e9rrez, precandidato del Movimiento de Regeneraci\u00f3n Nacional (Morena) a la presidencia municipal de Misantla, fue asesinado en la zona centro del estado de Veracruz.<\/p>\n\n\n\n<p>El joven, de 33 a\u00f1os, hab\u00eda sido reportado como desaparecido el pasado 13 de mayo; sin embargo, su cuerpo fue hallado sin vida y con indicios de tortura este domingo en la entrada al basurero municipal de Mart\u00ednez de la Torre.<\/p>\n\n\n\n<p>La Fiscal\u00eda General del Estado (FGE) confirm\u00f3 que el cuerpo correspond\u00eda al reconocido militante de Morena y fundador de este partido pol\u00edtico en dicha regi\u00f3n.<\/p>\n\n\n\n<p>Fueron pobladores y trabajadores del Departamento de Limpia P\u00fablica quienes encontraron el cad\u00e1ver sobre el camino de terracer\u00eda que conduce al espacio donde se depositan los desechos s\u00f3lidos urbanos.<\/p>\n\n\n\n<p>Al sitio arribaron elementos de la Polic\u00eda Municipal y de la Secretar\u00eda de Seguridad P\u00fablica (SSP), para acordonar la zona y esperar la presencia del personal de la Direcci\u00f3n General de Servicios Periciales.<br>Peritos y polic\u00edas ministeriales tomaron conocimiento del caso e iniciaron las investigaciones correspondientes, para la captura de los agresores.<\/p>\n\n\n\n<p>Posteriormente, su cuerpo fue trasladado al Servicio M\u00e9dico Forense (Semefo) para la necropsia de ley, donde sus familiares confirmaron que se trataba de Jos\u00e9 Alfredo, alias \u201cFreddy\u201d.<\/p>\n\n\n\n<p>Gaspar Guti\u00e9rrez era originario de la comunidad Arroyo Hondo, municipio de Misantla, y se suma a la lista de pol\u00edticos y aspirantes a un cargo p\u00fablico que han sido asesinados durante este proceso electoral 2020-2021 en la entidad.<\/p>\n\n\n\n<p>Cabe mencionar que Veracruz es uno de los estados de la Rep\u00fablica que registra el mayor n\u00famero de ataques y agresiones a candidatas y candidatos.<\/p>\n","protected":false},"excerpt":{"rendered":"<p>Juan Arcos Xalapa, Ver.- Jos\u00e9 Alfredo Gaspar Guti\u00e9rrez, precandidato del Movimiento de Regeneraci\u00f3n Nacional (Morena) a la presidencia municipal de Misantla, fue asesinado en la zona centro del estado de Veracruz. El joven, de 33 a\u00f1os, hab\u00eda sido reportado como desaparecido el pasado 13 de mayo; sin embargo, su cuerpo fue hallado sin vida y [&hellip;]<\/p>\n","protected":false},"author":1,"featured_media":14152,"comment_status":"open","ping_status":"open","sticky":false,"template":"","format":"standard","meta":{"_jetpack_memberships_contains_paid_content":false,"footnotes":""},"categories":[14],"tags":[],"class_list":["post-14151","post","type-post","status-publish","format-standard","has-post-thumbnail","hentry","category-policiaca"],"jetpack_featured_media_url":"https:\/\/encuentroinformativo.com.mx\/wp-content\/uploads\/2021\/05\/79F9B684-21C6-4076-90EB-BBE9D4B0A6EE.jpeg","jetpack_sharing_enabled":true,"jetpack_likes_enabled":true,"amp_enabled":true,"_links":{"self":[{"href":"https:\/\/encuentroinformativo.com.mx\/index.php?rest_route=\/wp\/v2\/posts\/14151","targetHints":{"allow":["GET"]}}],"collection":[{"href":"https:\/\/encuentroinformativo.com.mx\/index.php?rest_route=\/wp\/v2\/posts"}],"about":[{"href":"https:\/\/encuentroinformativo.com.mx\/index.php?rest_route=\/wp\/v2\/types\/post"}],"author":[{"embeddable":true,"href":"https:\/\/encuentroinformativo.com.mx\/index.php?rest_route=\/wp\/v2\/users\/1"}],"replies":[{"embeddable":true,"href":"https:\/\/encuentroinformativo.com.mx\/index.php?rest_route=%2Fwp%2Fv2%2Fcomments&post=14151"}],"version-history":[{"count":1,"href":"https:\/\/encuentroinformativo.com.mx\/index.php?rest_route=\/wp\/v2\/posts\/14151\/revisions"}],"predecessor-version":[{"id":14153,"href":"https:\/\/encuentroinformativo.com.mx\/index.php?rest_route=\/wp\/v2\/posts\/14151\/revisions\/14153"}],"wp:featuredmedia":[{"embeddable":true,"href":"https:\/\/encuentroinformativo.com.mx\/index.php?rest_route=\/wp\/v2\/media\/14152"}],"wp:attachment":[{"href":"https:\/\/encuentroinformativo.com.mx\/index.php?rest_route=%2Fwp%2Fv2%2Fmedia&parent=14151"}],"wp:term":[{"taxonomy":"category","embeddable":true,"href":"https:\/\/encuentroinformativo.com.mx\/index.php?rest_route=%2Fwp%2Fv2%2Fcategories&post=14151"},{"taxonomy":"post_tag","embeddable":true,"href":"https:\/\/encuentroinformativo.com.mx\/index.php?rest_route=%2Fwp%2Fv2%2Ftags&post=14151"}],"curies":[{"name":"wp","href":"https:\/\/api.w.org\/{rel}","templated":true}]}}