{"id":14165,"date":"2021-05-17T12:58:10","date_gmt":"2021-05-17T17:58:10","guid":{"rendered":"https:\/\/encuentroinformativo.com.mx\/?p=14165"},"modified":"2021-05-17T12:58:14","modified_gmt":"2021-05-17T17:58:14","slug":"jubilados-mantienen-rechazo-a-pagos-con-umas","status":"publish","type":"post","link":"https:\/\/encuentroinformativo.com.mx\/?p=14165","title":{"rendered":"Jubilados mantienen rechazo a pagos con UMAS"},"content":{"rendered":"\n<p><strong>Dar\u00edo Pale <\/strong><\/p>\n\n\n\n<p>Xalapa, Ver.- Se manifiestan en la plaza Lerdo los adultos mayores adheridos a la Coalici\u00f3n de Pensionistas Independientes del Estado de Veracruz (Copipev) con la finalidad de exigir a la autoridad una pensi\u00f3n justa que se calcule en salarios m\u00ednimos y no en UMA\u00b4S.<\/p>\n\n\n\n<p>Entrevistada durante la manifestaci\u00f3n Dolores Martinez Amilpa se\u00f1al\u00f3 que al unirse a la Jornada Nacional contra la UMA, ellos est\u00e1n solicitando que el articulo 123 de la Constituci\u00f3n se\u00f1ale que las pensiones se vinculen al salario m\u00ednimo a fin de no afectarles en su retiro.<\/p>\n\n\n\n<p>Puso como ejemplo que con la pensi\u00f3n al tomarse en esta nueva modalidad en el ISSSTE, los jubilados al cobrar diez UMAS solo les corresponde 26 mil pesos mensuales, sin embargo, si fuera con salario m\u00ednimo cobrar\u00edan hasta 40 mil pesos.<\/p>\n\n\n\n<p>Dolores Mart\u00ednez, dijo que requieren que la Suprema Corte de Justicia nuevamente considere el sumar las pensiones con el salario m\u00ednimo a fin de que ellos no se vean afectados.<\/p>\n\n\n\n<p>Es de recordar que el mes de febrero la Segunda Sala de la Suprema Corte de Justicia de la Naci\u00f3n (SCJN) determin\u00f3 que el tope m\u00e1ximo de la pensi\u00f3n jubilatoria otorgada por el Instituto de Seguridad Social y Servicios Sociales de los Trabajadores del Estado (ISSSTE) deber\u00e1 cuantificarse en Unidad de Medida y Actualizaci\u00f3n (UMA) y no en salarios m\u00ednimos.<\/p>\n\n\n\n<p>Esto, de acuerdo a los pensionados y jubilados les afecta de manera directa y, han iniciado  una Jornada Nacional en contra de la UMA para la suma de su pensi\u00f3n mensual.<\/p>\n\n\n\n<p>\u201cPerdemos poder adquisitivo; la Ley de la UMA es ambigua porque como permite una cosa, pide otra pero nosotros pedimos que se vincule institucionalmente y sin ambig\u00fcedades\u201d, acus\u00f3.<\/p>\n\n\n\n<p>Finalmente dio a conocer que seguir\u00e1n manifest\u00e1ndose no s\u00f3lo a nivel nacional si no tambi\u00e9n en lo local a fin de que se les respeten sus derechos como pensionados y jubilados.<\/p>\n","protected":false},"excerpt":{"rendered":"<p>Dar\u00edo Pale Xalapa, Ver.- Se manifiestan en la plaza Lerdo los adultos mayores adheridos a la Coalici\u00f3n de Pensionistas Independientes del Estado de Veracruz (Copipev) con la finalidad de exigir a la autoridad una pensi\u00f3n justa que se calcule en salarios m\u00ednimos y no en UMA\u00b4S. Entrevistada durante la manifestaci\u00f3n Dolores Martinez Amilpa se\u00f1al\u00f3 que [&hellip;]<\/p>\n","protected":false},"author":1,"featured_media":14166,"comment_status":"open","ping_status":"open","sticky":false,"template":"","format":"standard","meta":{"_jetpack_memberships_contains_paid_content":false,"footnotes":""},"categories":[3],"tags":[],"class_list":["post-14165","post","type-post","status-publish","format-standard","has-post-thumbnail","hentry","category-xalapa"],"jetpack_featured_media_url":"https:\/\/encuentroinformativo.com.mx\/wp-content\/uploads\/2021\/05\/25914BDD-0E38-4DFE-AE6B-2FF36C9ABF3E.jpeg","jetpack_sharing_enabled":true,"jetpack_likes_enabled":true,"amp_enabled":true,"_links":{"self":[{"href":"https:\/\/encuentroinformativo.com.mx\/index.php?rest_route=\/wp\/v2\/posts\/14165","targetHints":{"allow":["GET"]}}],"collection":[{"href":"https:\/\/encuentroinformativo.com.mx\/index.php?rest_route=\/wp\/v2\/posts"}],"about":[{"href":"https:\/\/encuentroinformativo.com.mx\/index.php?rest_route=\/wp\/v2\/types\/post"}],"author":[{"embeddable":true,"href":"https:\/\/encuentroinformativo.com.mx\/index.php?rest_route=\/wp\/v2\/users\/1"}],"replies":[{"embeddable":true,"href":"https:\/\/encuentroinformativo.com.mx\/index.php?rest_route=%2Fwp%2Fv2%2Fcomments&post=14165"}],"version-history":[{"count":1,"href":"https:\/\/encuentroinformativo.com.mx\/index.php?rest_route=\/wp\/v2\/posts\/14165\/revisions"}],"predecessor-version":[{"id":14167,"href":"https:\/\/encuentroinformativo.com.mx\/index.php?rest_route=\/wp\/v2\/posts\/14165\/revisions\/14167"}],"wp:featuredmedia":[{"embeddable":true,"href":"https:\/\/encuentroinformativo.com.mx\/index.php?rest_route=\/wp\/v2\/media\/14166"}],"wp:attachment":[{"href":"https:\/\/encuentroinformativo.com.mx\/index.php?rest_route=%2Fwp%2Fv2%2Fmedia&parent=14165"}],"wp:term":[{"taxonomy":"category","embeddable":true,"href":"https:\/\/encuentroinformativo.com.mx\/index.php?rest_route=%2Fwp%2Fv2%2Fcategories&post=14165"},{"taxonomy":"post_tag","embeddable":true,"href":"https:\/\/encuentroinformativo.com.mx\/index.php?rest_route=%2Fwp%2Fv2%2Ftags&post=14165"}],"curies":[{"name":"wp","href":"https:\/\/api.w.org\/{rel}","templated":true}]}}