{"id":14177,"date":"2021-05-17T15:14:10","date_gmt":"2021-05-17T20:14:10","guid":{"rendered":"https:\/\/encuentroinformativo.com.mx\/?p=14177"},"modified":"2021-05-17T15:14:14","modified_gmt":"2021-05-17T20:14:14","slug":"veracruz-registra-7-crimenes-de-odio","status":"publish","type":"post","link":"https:\/\/encuentroinformativo.com.mx\/?p=14177","title":{"rendered":"Veracruz registra 7 cr\u00edmenes de odio"},"content":{"rendered":"\n<p><strong>Juan Arcos<\/strong><\/p>\n\n\n\n<p>Xalapa, Ver.- En el estado de Veracruz se han contabilizado siete cr\u00edmenes de odio por homofobia y transfobia en lo que va de este a\u00f1o.<\/p>\n\n\n\n<p>As\u00ed lo dio a conocer Leonardo Ruiz Moreno, presidente de la asociaci\u00f3n civil Orgullo Xalapa, quien encabez\u00f3 un acto en el memorial de v\u00edctimas por cr\u00edmenes de odio en Xalapa, durante el D\u00eda Internacional contra la Homofobia, Transfobia y Bifobia.<\/p>\n\n\n\n<p>\u201cNing\u00fan caso ha sido esclarecido, no hay saldo a favor en el sentido de que ya haya detenidos\u201d, enfatiz\u00f3 el defensor de los derechos de la diversidad sexual.<\/p>\n\n\n\n<p>El entrevistado mencion\u00f3 que han sido asesinados cuatro personas transexuales y tres j\u00f3venes homosexuales, situaci\u00f3n que coloca a Veracruz en el segundo lugar nacional con m\u00e1s cr\u00edmenes de este tipo.<\/p>\n\n\n\n<p>Record\u00f3 que el estado de Guerrero ocupa el primer lugar y, el tercero, el Estado de M\u00e9xico.<\/p>\n\n\n\n<p>El activista se\u00f1al\u00f3 que han sido detectados focos rojos en la entidad, donde son m\u00e1s constantes los crines de odio por homofobia, sobre todo en la zona sur de la entidad.\u00a0<br>Se trata de los municipios Las Choapas, Coatzacoalcos y Minatitl\u00e1n, donde la comunidad de la diversidad sexual ha sido mayormente discriminada, dejando varios homicidios dolosos.<\/p>\n\n\n\n<p>Pese a lo anterior, Ruiz Moreno indic\u00f3 que en la entidad han disminuido las agresiones contra la comunidad L\u00e9sbico, Gay, Bisexual y Transexual (LGBT).<\/p>\n\n\n\n<p>\u201cVa en descenso, est\u00e1bamos en primer lugar, bajamos al segundo, hay que seguir as\u00ed, que acabe esta ola de violencia hacia nuestra comunidad\u201d.<\/p>\n\n\n\n<p>Finalmente, pidi\u00f3 a los legisladores y a los tres niveles de gobierno que elaboren y apliquen iniciativas para promover la vero discriminaci\u00f3n contra dicho sector vulnerable.<\/p>\n","protected":false},"excerpt":{"rendered":"<p>Juan Arcos Xalapa, Ver.- En el estado de Veracruz se han contabilizado siete cr\u00edmenes de odio por homofobia y transfobia en lo que va de este a\u00f1o. As\u00ed lo dio a conocer Leonardo Ruiz Moreno, presidente de la asociaci\u00f3n civil Orgullo Xalapa, quien encabez\u00f3 un acto en el memorial de v\u00edctimas por cr\u00edmenes de odio [&hellip;]<\/p>\n","protected":false},"author":1,"featured_media":14178,"comment_status":"open","ping_status":"open","sticky":false,"template":"","format":"standard","meta":{"_jetpack_memberships_contains_paid_content":false,"footnotes":""},"categories":[2],"tags":[],"class_list":["post-14177","post","type-post","status-publish","format-standard","has-post-thumbnail","hentry","category-estado"],"jetpack_featured_media_url":"https:\/\/encuentroinformativo.com.mx\/wp-content\/uploads\/2021\/05\/7F37F268-5615-496B-9D48-E5CE4E971B98.jpeg","jetpack_sharing_enabled":true,"jetpack_likes_enabled":true,"amp_enabled":true,"_links":{"self":[{"href":"https:\/\/encuentroinformativo.com.mx\/index.php?rest_route=\/wp\/v2\/posts\/14177","targetHints":{"allow":["GET"]}}],"collection":[{"href":"https:\/\/encuentroinformativo.com.mx\/index.php?rest_route=\/wp\/v2\/posts"}],"about":[{"href":"https:\/\/encuentroinformativo.com.mx\/index.php?rest_route=\/wp\/v2\/types\/post"}],"author":[{"embeddable":true,"href":"https:\/\/encuentroinformativo.com.mx\/index.php?rest_route=\/wp\/v2\/users\/1"}],"replies":[{"embeddable":true,"href":"https:\/\/encuentroinformativo.com.mx\/index.php?rest_route=%2Fwp%2Fv2%2Fcomments&post=14177"}],"version-history":[{"count":1,"href":"https:\/\/encuentroinformativo.com.mx\/index.php?rest_route=\/wp\/v2\/posts\/14177\/revisions"}],"predecessor-version":[{"id":14179,"href":"https:\/\/encuentroinformativo.com.mx\/index.php?rest_route=\/wp\/v2\/posts\/14177\/revisions\/14179"}],"wp:featuredmedia":[{"embeddable":true,"href":"https:\/\/encuentroinformativo.com.mx\/index.php?rest_route=\/wp\/v2\/media\/14178"}],"wp:attachment":[{"href":"https:\/\/encuentroinformativo.com.mx\/index.php?rest_route=%2Fwp%2Fv2%2Fmedia&parent=14177"}],"wp:term":[{"taxonomy":"category","embeddable":true,"href":"https:\/\/encuentroinformativo.com.mx\/index.php?rest_route=%2Fwp%2Fv2%2Fcategories&post=14177"},{"taxonomy":"post_tag","embeddable":true,"href":"https:\/\/encuentroinformativo.com.mx\/index.php?rest_route=%2Fwp%2Fv2%2Ftags&post=14177"}],"curies":[{"name":"wp","href":"https:\/\/api.w.org\/{rel}","templated":true}]}}