{"id":14187,"date":"2021-05-17T17:42:38","date_gmt":"2021-05-17T22:42:38","guid":{"rendered":"https:\/\/encuentroinformativo.com.mx\/?p=14187"},"modified":"2021-05-17T17:42:42","modified_gmt":"2021-05-17T22:42:42","slug":"empresarios-culpan-a-candidato-de-violencia-en-sayula","status":"publish","type":"post","link":"https:\/\/encuentroinformativo.com.mx\/?p=14187","title":{"rendered":"Empresarios culpan a candidato de violencia en Sayula"},"content":{"rendered":"\n<p><strong>Alejandro \u00c1vila<\/strong><\/p>\n\n\n\n<p>Sayula de Alem\u00e1n, Ver.- Nuevamente y como ha sucedido desde hace meses, al empresario Erasmo V\u00e1zquez Gonz\u00e1lez no le tembl\u00f3 la mano para se\u00f1alar en evento m\u00e1sivo, que el alcalde con licencia de Sayula de Alem\u00e1n, Fredy Ayala Gonz\u00e1lez, entreg\u00f3 la ciudad a la delincuencia organizada.<\/p>\n\n\n\n<p>El citricultor, acus\u00f3 que el perredista, que ahora busca la diputaci\u00f3n federal por el distrito de Minatitl\u00e1n, es responsable de la ola de violencia, secuestros y cobro de piso en el municipio.<\/p>\n\n\n\n<p>Acus\u00f3 que el infierno que ha vivido Sayula de Alem\u00e1n, donde pagan cuota hasta los comerciantes de tamales, es debido a que el edil emanado del Sol Azteca entreg\u00f3 su pueblo a la delincuencia, dijo en mit\u00edn que qued\u00f3 grabado en video.<\/p>\n\n\n\n<p>Al finalizar uno de los recorridos de la candidata de la coalici\u00f3n &#8220;Juntos Haremos Historia&#8221; a la alcald\u00eda de Sayula de Alem\u00e1n, Lorena S\u00e1nchez Vargas, Erasmo V\u00e1zquez tom\u00f3 el microfono y record\u00f3.<\/p>\n\n\n\n<p>&#8220;En Sayula no se salva nadie, todos tien un familiar que ha tenido llanto y sufrimiento&#8221; por la violencia&#8221;.<\/p>\n\n\n\n<p>Adem\u00e1s, el comerciante c\u00edtricola se\u00f1al\u00f3 que el edil H\u00e9ctor Vel\u00e1squez V\u00e1zquez, regidor del partido Verde que fue asesinado en Acayucan, fue ejecutado porque a Fredy Ayala le estorbaba.<\/p>\n","protected":false},"excerpt":{"rendered":"<p>Alejandro \u00c1vila Sayula de Alem\u00e1n, Ver.- Nuevamente y como ha sucedido desde hace meses, al empresario Erasmo V\u00e1zquez Gonz\u00e1lez no le tembl\u00f3 la mano para se\u00f1alar en evento m\u00e1sivo, que el alcalde con licencia de Sayula de Alem\u00e1n, Fredy Ayala Gonz\u00e1lez, entreg\u00f3 la ciudad a la delincuencia organizada. El citricultor, acus\u00f3 que el perredista, que [&hellip;]<\/p>\n","protected":false},"author":1,"featured_media":14188,"comment_status":"open","ping_status":"open","sticky":false,"template":"","format":"standard","meta":{"_jetpack_memberships_contains_paid_content":false,"footnotes":""},"categories":[2],"tags":[],"class_list":["post-14187","post","type-post","status-publish","format-standard","has-post-thumbnail","hentry","category-estado"],"jetpack_featured_media_url":"https:\/\/encuentroinformativo.com.mx\/wp-content\/uploads\/2021\/05\/FE786679-D4A0-444C-8DB9-D3239FA844B7.jpeg","jetpack_sharing_enabled":true,"jetpack_likes_enabled":true,"amp_enabled":true,"_links":{"self":[{"href":"https:\/\/encuentroinformativo.com.mx\/index.php?rest_route=\/wp\/v2\/posts\/14187","targetHints":{"allow":["GET"]}}],"collection":[{"href":"https:\/\/encuentroinformativo.com.mx\/index.php?rest_route=\/wp\/v2\/posts"}],"about":[{"href":"https:\/\/encuentroinformativo.com.mx\/index.php?rest_route=\/wp\/v2\/types\/post"}],"author":[{"embeddable":true,"href":"https:\/\/encuentroinformativo.com.mx\/index.php?rest_route=\/wp\/v2\/users\/1"}],"replies":[{"embeddable":true,"href":"https:\/\/encuentroinformativo.com.mx\/index.php?rest_route=%2Fwp%2Fv2%2Fcomments&post=14187"}],"version-history":[{"count":1,"href":"https:\/\/encuentroinformativo.com.mx\/index.php?rest_route=\/wp\/v2\/posts\/14187\/revisions"}],"predecessor-version":[{"id":14189,"href":"https:\/\/encuentroinformativo.com.mx\/index.php?rest_route=\/wp\/v2\/posts\/14187\/revisions\/14189"}],"wp:featuredmedia":[{"embeddable":true,"href":"https:\/\/encuentroinformativo.com.mx\/index.php?rest_route=\/wp\/v2\/media\/14188"}],"wp:attachment":[{"href":"https:\/\/encuentroinformativo.com.mx\/index.php?rest_route=%2Fwp%2Fv2%2Fmedia&parent=14187"}],"wp:term":[{"taxonomy":"category","embeddable":true,"href":"https:\/\/encuentroinformativo.com.mx\/index.php?rest_route=%2Fwp%2Fv2%2Fcategories&post=14187"},{"taxonomy":"post_tag","embeddable":true,"href":"https:\/\/encuentroinformativo.com.mx\/index.php?rest_route=%2Fwp%2Fv2%2Ftags&post=14187"}],"curies":[{"name":"wp","href":"https:\/\/api.w.org\/{rel}","templated":true}]}}