{"id":14193,"date":"2021-05-17T20:24:41","date_gmt":"2021-05-18T01:24:41","guid":{"rendered":"https:\/\/encuentroinformativo.com.mx\/?p=14193"},"modified":"2021-05-17T20:24:46","modified_gmt":"2021-05-18T01:24:46","slug":"rechazan-cacicazgo-en-soledad-de-doblado","status":"publish","type":"post","link":"https:\/\/encuentroinformativo.com.mx\/?p=14193","title":{"rendered":"Rechazan cacicazgo en Soledad de Doblado"},"content":{"rendered":"\n<p><strong>Alejandro \u00c1vila<\/strong><\/p>\n\n\n\n<p>Soledad de Doblado, Ver.- Cerca de 200 veh\u00edculos y 300 motocicletas desfilaron este domingo por la tarde en toda la cabecera municipal de Soledad de Doblado, donde adem\u00e1s, se sumaron decenas de personas por las calles en apoyo a la candidata de Movimiento Ciudadano, Elsa M\u00e9ndez Ibarra.<\/p>\n\n\n\n<p>Durante casi tres horas recorrieron calle por calle de la cabecera municipal, donde el reclamo era el mismo, \u201cestamos cansados de la hegemon\u00eda de la familia Rodr\u00edguez Utrera\u201d.<\/p>\n\n\n\n<p>Cabe se\u00f1alar, que en esta contienda electoral, donde destaca, como siempre, que las aspirantes a la alcald\u00eda de Soledad de Doblado son mujeres, Martha Utrera Ortega candidata de la alianza \u201cVeracruz Va\u201d, busca nuevamente la presidencia municipal, misma que tuvo hace dos administraciones y al salir coloc\u00f3 a su hija Ximena Rodr\u00edguez Utrera.<\/p>\n\n\n\n<p>La multitudinaria caravana que se realiz\u00f3 este domingo en Soledad de Doblado, no era esperada ni siquiera por la candidata de Movimiento Ciudadano, Elsa M\u00e9ndez Ibarra, quien asegur\u00f3 en su discurso al finalizar el evento que se vio sorprendida por la convocatoria, pero feliz por la respuesta.<\/p>\n\n\n\n<p>M\u00e9ndez Ibarra, reconoci\u00f3 que esta muestra de apoyo es un compromiso m\u00e1s grande, pues denota que el municipio no ha sido apoyado como se esperaba y busca un cambio que espera poder concretar en la siguiente administraci\u00f3n municipal.<\/p>\n","protected":false},"excerpt":{"rendered":"<p>Alejandro \u00c1vila Soledad de Doblado, Ver.- Cerca de 200 veh\u00edculos y 300 motocicletas desfilaron este domingo por la tarde en toda la cabecera municipal de Soledad de Doblado, donde adem\u00e1s, se sumaron decenas de personas por las calles en apoyo a la candidata de Movimiento Ciudadano, Elsa M\u00e9ndez Ibarra. Durante casi tres horas recorrieron calle [&hellip;]<\/p>\n","protected":false},"author":1,"featured_media":14194,"comment_status":"open","ping_status":"open","sticky":false,"template":"","format":"standard","meta":{"_jetpack_memberships_contains_paid_content":false,"footnotes":""},"categories":[2],"tags":[],"class_list":["post-14193","post","type-post","status-publish","format-standard","has-post-thumbnail","hentry","category-estado"],"jetpack_featured_media_url":"https:\/\/encuentroinformativo.com.mx\/wp-content\/uploads\/2021\/05\/FFDA7A9C-808D-4742-8F1F-CD83D716AE0B.jpeg","jetpack_sharing_enabled":true,"jetpack_likes_enabled":true,"amp_enabled":true,"_links":{"self":[{"href":"https:\/\/encuentroinformativo.com.mx\/index.php?rest_route=\/wp\/v2\/posts\/14193","targetHints":{"allow":["GET"]}}],"collection":[{"href":"https:\/\/encuentroinformativo.com.mx\/index.php?rest_route=\/wp\/v2\/posts"}],"about":[{"href":"https:\/\/encuentroinformativo.com.mx\/index.php?rest_route=\/wp\/v2\/types\/post"}],"author":[{"embeddable":true,"href":"https:\/\/encuentroinformativo.com.mx\/index.php?rest_route=\/wp\/v2\/users\/1"}],"replies":[{"embeddable":true,"href":"https:\/\/encuentroinformativo.com.mx\/index.php?rest_route=%2Fwp%2Fv2%2Fcomments&post=14193"}],"version-history":[{"count":1,"href":"https:\/\/encuentroinformativo.com.mx\/index.php?rest_route=\/wp\/v2\/posts\/14193\/revisions"}],"predecessor-version":[{"id":14195,"href":"https:\/\/encuentroinformativo.com.mx\/index.php?rest_route=\/wp\/v2\/posts\/14193\/revisions\/14195"}],"wp:featuredmedia":[{"embeddable":true,"href":"https:\/\/encuentroinformativo.com.mx\/index.php?rest_route=\/wp\/v2\/media\/14194"}],"wp:attachment":[{"href":"https:\/\/encuentroinformativo.com.mx\/index.php?rest_route=%2Fwp%2Fv2%2Fmedia&parent=14193"}],"wp:term":[{"taxonomy":"category","embeddable":true,"href":"https:\/\/encuentroinformativo.com.mx\/index.php?rest_route=%2Fwp%2Fv2%2Fcategories&post=14193"},{"taxonomy":"post_tag","embeddable":true,"href":"https:\/\/encuentroinformativo.com.mx\/index.php?rest_route=%2Fwp%2Fv2%2Ftags&post=14193"}],"curies":[{"name":"wp","href":"https:\/\/api.w.org\/{rel}","templated":true}]}}