{"id":14196,"date":"2021-05-17T20:30:01","date_gmt":"2021-05-18T01:30:01","guid":{"rendered":"https:\/\/encuentroinformativo.com.mx\/?p=14196"},"modified":"2021-05-17T20:30:06","modified_gmt":"2021-05-18T01:30:06","slug":"firma-el-pes-compromiso-por-la-vida-y-la-familia","status":"publish","type":"post","link":"https:\/\/encuentroinformativo.com.mx\/?p=14196","title":{"rendered":"Firma el PES \u201cCompromiso por la Vida y la Familia\u201d"},"content":{"rendered":"\n<p>Xalapa, Ver.- En un acto ejemplar y congruente con los ideales del partido, las y los candidatos del Partido Encuentro Solidario (PES) de todas las entidades de nuestro pa\u00eds incluyendo Veracruz, firmaron, la ma\u00f1ana de este lunes el \u201cCompromiso por la Vida y la Famillia\u201d.<\/p>\n\n\n\n<p>El evento que fue transmitido por redes sociales de manera simult\u00e1nea en todo el pa\u00eds, sirvi\u00f3 para que los pr\u00f3ximos representantes de la ciudadan\u00eda se comprometiesen a impulsar y apoyar la \u201cIniciativa de Reforma a la Constituci\u00f3n Pol\u00edtica de los Estados Unidos Mexicanos\u201d, que presentar\u00e1 el grupo parlamentario del PES en la siguiente legislatura.<\/p>\n\n\n\n<p>Esta iniciativa tiene como premisa que \u201cLa vida es un derecho fundamental, inalienable e imprescriptible y debe ser protegido por los poderes del Estado Mexicano desde el momento de la concepci\u00f3n hasta la muerte natural no inducida\u201d.<\/p>\n\n\n\n<p>En el evento hizo uso de la voz el presidente estatal del PES, Gonzalo Gu\u00edzar Valladares quien exalt\u00f3 la disposici\u00f3n franca y cordial de la totalidad de los candidatos de Encuentro Solidario en Veracruz para firmar ante notario p\u00fablico este acuerdo que propuso el dirigente nacional Hugo Eric Flores Cervantes.<\/p>\n\n\n\n<p>El documento que protocoliz\u00f3 el notario p\u00fablico n\u00famero 27 de Xalapa, Veracruz, Eugenio V\u00e1zquez Hern\u00e1ndez, fue le\u00eddo por el candidato a diputado federal por Xalapa Urbano, Faustino Su\u00e1rez Rodriguez, quien dijo \u201cme comprometo a preservar y pronunciarme, respetuosa y firmemente, a favor del derecho a la vida y la libertad, como principios fundamentales de la convivencia humana\u201d.<\/p>\n\n\n\n<p>El \u201cCompromiso por la Vida y la Famillia\u201d, fue signado por los candidatos a diputados federales, as\u00ed como por los candidatos a diputados locales y se sumaron solidariamente candidatos a las alcald\u00edas veracruzanas.<\/p>\n","protected":false},"excerpt":{"rendered":"<p>Xalapa, Ver.- En un acto ejemplar y congruente con los ideales del partido, las y los candidatos del Partido Encuentro Solidario (PES) de todas las entidades de nuestro pa\u00eds incluyendo Veracruz, firmaron, la ma\u00f1ana de este lunes el \u201cCompromiso por la Vida y la Famillia\u201d. El evento que fue transmitido por redes sociales de manera [&hellip;]<\/p>\n","protected":false},"author":1,"featured_media":14197,"comment_status":"open","ping_status":"open","sticky":false,"template":"","format":"standard","meta":{"_jetpack_memberships_contains_paid_content":false,"footnotes":""},"categories":[2],"tags":[],"class_list":["post-14196","post","type-post","status-publish","format-standard","has-post-thumbnail","hentry","category-estado"],"jetpack_featured_media_url":"https:\/\/encuentroinformativo.com.mx\/wp-content\/uploads\/2021\/05\/AA4E010E-2E80-444F-B477-EC5E1192E671.jpeg","jetpack_sharing_enabled":true,"jetpack_likes_enabled":true,"amp_enabled":true,"_links":{"self":[{"href":"https:\/\/encuentroinformativo.com.mx\/index.php?rest_route=\/wp\/v2\/posts\/14196","targetHints":{"allow":["GET"]}}],"collection":[{"href":"https:\/\/encuentroinformativo.com.mx\/index.php?rest_route=\/wp\/v2\/posts"}],"about":[{"href":"https:\/\/encuentroinformativo.com.mx\/index.php?rest_route=\/wp\/v2\/types\/post"}],"author":[{"embeddable":true,"href":"https:\/\/encuentroinformativo.com.mx\/index.php?rest_route=\/wp\/v2\/users\/1"}],"replies":[{"embeddable":true,"href":"https:\/\/encuentroinformativo.com.mx\/index.php?rest_route=%2Fwp%2Fv2%2Fcomments&post=14196"}],"version-history":[{"count":1,"href":"https:\/\/encuentroinformativo.com.mx\/index.php?rest_route=\/wp\/v2\/posts\/14196\/revisions"}],"predecessor-version":[{"id":14198,"href":"https:\/\/encuentroinformativo.com.mx\/index.php?rest_route=\/wp\/v2\/posts\/14196\/revisions\/14198"}],"wp:featuredmedia":[{"embeddable":true,"href":"https:\/\/encuentroinformativo.com.mx\/index.php?rest_route=\/wp\/v2\/media\/14197"}],"wp:attachment":[{"href":"https:\/\/encuentroinformativo.com.mx\/index.php?rest_route=%2Fwp%2Fv2%2Fmedia&parent=14196"}],"wp:term":[{"taxonomy":"category","embeddable":true,"href":"https:\/\/encuentroinformativo.com.mx\/index.php?rest_route=%2Fwp%2Fv2%2Fcategories&post=14196"},{"taxonomy":"post_tag","embeddable":true,"href":"https:\/\/encuentroinformativo.com.mx\/index.php?rest_route=%2Fwp%2Fv2%2Ftags&post=14196"}],"curies":[{"name":"wp","href":"https:\/\/api.w.org\/{rel}","templated":true}]}}