{"id":14200,"date":"2021-05-18T00:32:12","date_gmt":"2021-05-18T05:32:12","guid":{"rendered":"https:\/\/encuentroinformativo.com.mx\/?p=14200"},"modified":"2021-05-18T00:32:16","modified_gmt":"2021-05-18T05:32:16","slug":"desaloja-ssp-bloqueo-en-la-sev","status":"publish","type":"post","link":"https:\/\/encuentroinformativo.com.mx\/?p=14200","title":{"rendered":"Desaloja SSP bloqueo en la SEV"},"content":{"rendered":"\n<p><strong>Juan Arcos<\/strong> <\/p>\n\n\n\n<p>Xalapa, Ver.- Docentes que tomaban la Secretar\u00eda de Educaci\u00f3n de Veracruz (SEV) y bloqueaban la avenida L\u00e1zaro C\u00e1rdenas fueron desalojados con violencia por polic\u00edas estatales.<\/p>\n\n\n\n<p>Los hechos ocurrieron alrededor de las 21:00 horas de este lunes 17 de mayo, luego de que los profesores bloquearan los accesos de la dependencia estatal y cerraran la carretera federal Xalapa-Banderilla, para exigir que fuese respetada la toma de nota del Sindicato Democr\u00e1tico de Trabajadores de la Educaci\u00f3n (SDTEV).\u00a0<\/p>\n\n\n\n<p>Las y los docentes fueron sometidos, esposados y arrastrados por los elementos de la Secretar\u00eda de Seguridad P\u00fablica (SSP), a cargo de Hugo Guti\u00e9rrez Maldonado.<\/p>\n\n\n\n<p>Videos circulan en redes sociales donde se escuchan los gritos de profesoras que reclaman a los servidores p\u00fablicos que no sean tratados como delincuentes.<\/p>\n\n\n\n<p>En las im\u00e1genes se observa el momento en que los docentes, quienes defienden sus derechos sindicales, son sometidos en el suelo, pecho tierra y con los brazos esposados en la espalda.<\/p>\n\n\n\n<p>Cabe recordar que, en septiembre de 2013, profesores y estudiantes que pernoctaban en Plaza Sebasti\u00e1n Lerdo de Tejada en rechazo a la aprobaci\u00f3n de la Reforma Educativa, fueron desalojados con toletes el\u00e9ctricos y patadas por un grupo antimotines de la Secretar\u00eda de Seguridad P\u00fablica de Veracruz. En esa ocasi\u00f3n, fueron agredidos varios reporteros y fotoperiodistas, quienes presentaron las denuncias correspondientes.<\/p>\n\n\n\n<p>La noche de este lunes, el abuso policial se registr\u00f3 afuera de las oficinas centrales de la SEV, donde tambi\u00e9n fotorreporteros y periodistas fueron agredidos por los polic\u00edas estatales, bajo el argumento de que estaban entorpeciendo su actuar contra los docentes, cuando s\u00f3lo documentaban el violento desalojo.<\/p>\n\n\n\n<p>Durante la intervenci\u00f3n policiaca fueron detenidas 14 personas, entre ellos el secretario general del SDTEV, Jos\u00e9 Arturo \u201cN\u201d, por los presuntos delitos de obstrucci\u00f3n a las v\u00edas de comunicaci\u00f3n, ultrajes a la autoridad y privaci\u00f3n ilegal de la libertad.<\/p>\n\n\n\n<p>Lo anterior, debido a que las instalaciones de la dependencia fueron tomadas cuando el personal se encontraba al interior y no pod\u00eda salir por la manifestaci\u00f3n, aunque ya hab\u00edan concluido su jornada laboral.<\/p>\n\n\n\n<p>Los docentes acordaron tomar la SEV y bloquear la carretera, debido a que no fueron atendidos por el titular de la SEV, Zenyazen Escobar Garc\u00eda, en busca de que fuera reconocido su sindicado y liberados los fondos del mismo.<\/p>\n\n\n\n<figure class=\"wp-block-image size-large\"><img loading=\"lazy\" decoding=\"async\" width=\"1024\" height=\"683\" src=\"https:\/\/encuentroinformativo.com.mx\/wp-content\/uploads\/2021\/05\/B0704FEC-5CE2-4F43-A64B-ED7563EE68AF-1024x683.jpeg\" alt=\"\" class=\"wp-image-14202\" srcset=\"https:\/\/encuentroinformativo.com.mx\/wp-content\/uploads\/2021\/05\/B0704FEC-5CE2-4F43-A64B-ED7563EE68AF-1024x683.jpeg 1024w, https:\/\/encuentroinformativo.com.mx\/wp-content\/uploads\/2021\/05\/B0704FEC-5CE2-4F43-A64B-ED7563EE68AF-300x200.jpeg 300w, https:\/\/encuentroinformativo.com.mx\/wp-content\/uploads\/2021\/05\/B0704FEC-5CE2-4F43-A64B-ED7563EE68AF-768x512.jpeg 768w, https:\/\/encuentroinformativo.com.mx\/wp-content\/uploads\/2021\/05\/B0704FEC-5CE2-4F43-A64B-ED7563EE68AF.jpeg 1080w\" sizes=\"auto, (max-width: 1024px) 100vw, 1024px\" \/><\/figure>\n","protected":false},"excerpt":{"rendered":"<p>Juan Arcos Xalapa, Ver.- Docentes que tomaban la Secretar\u00eda de Educaci\u00f3n de Veracruz (SEV) y bloqueaban la avenida L\u00e1zaro C\u00e1rdenas fueron desalojados con violencia por polic\u00edas estatales. Los hechos ocurrieron alrededor de las 21:00 horas de este lunes 17 de mayo, luego de que los profesores bloquearan los accesos de la dependencia estatal y cerraran [&hellip;]<\/p>\n","protected":false},"author":1,"featured_media":14201,"comment_status":"open","ping_status":"open","sticky":false,"template":"","format":"standard","meta":{"_jetpack_memberships_contains_paid_content":false,"footnotes":""},"categories":[3],"tags":[],"class_list":["post-14200","post","type-post","status-publish","format-standard","has-post-thumbnail","hentry","category-xalapa"],"jetpack_featured_media_url":"https:\/\/encuentroinformativo.com.mx\/wp-content\/uploads\/2021\/05\/70A8B664-5047-4DCB-B7E8-5BE1B1957C1E.jpeg","jetpack_sharing_enabled":true,"jetpack_likes_enabled":true,"amp_enabled":true,"_links":{"self":[{"href":"https:\/\/encuentroinformativo.com.mx\/index.php?rest_route=\/wp\/v2\/posts\/14200","targetHints":{"allow":["GET"]}}],"collection":[{"href":"https:\/\/encuentroinformativo.com.mx\/index.php?rest_route=\/wp\/v2\/posts"}],"about":[{"href":"https:\/\/encuentroinformativo.com.mx\/index.php?rest_route=\/wp\/v2\/types\/post"}],"author":[{"embeddable":true,"href":"https:\/\/encuentroinformativo.com.mx\/index.php?rest_route=\/wp\/v2\/users\/1"}],"replies":[{"embeddable":true,"href":"https:\/\/encuentroinformativo.com.mx\/index.php?rest_route=%2Fwp%2Fv2%2Fcomments&post=14200"}],"version-history":[{"count":1,"href":"https:\/\/encuentroinformativo.com.mx\/index.php?rest_route=\/wp\/v2\/posts\/14200\/revisions"}],"predecessor-version":[{"id":14203,"href":"https:\/\/encuentroinformativo.com.mx\/index.php?rest_route=\/wp\/v2\/posts\/14200\/revisions\/14203"}],"wp:featuredmedia":[{"embeddable":true,"href":"https:\/\/encuentroinformativo.com.mx\/index.php?rest_route=\/wp\/v2\/media\/14201"}],"wp:attachment":[{"href":"https:\/\/encuentroinformativo.com.mx\/index.php?rest_route=%2Fwp%2Fv2%2Fmedia&parent=14200"}],"wp:term":[{"taxonomy":"category","embeddable":true,"href":"https:\/\/encuentroinformativo.com.mx\/index.php?rest_route=%2Fwp%2Fv2%2Fcategories&post=14200"},{"taxonomy":"post_tag","embeddable":true,"href":"https:\/\/encuentroinformativo.com.mx\/index.php?rest_route=%2Fwp%2Fv2%2Ftags&post=14200"}],"curies":[{"name":"wp","href":"https:\/\/api.w.org\/{rel}","templated":true}]}}