{"id":14214,"date":"2021-05-18T12:32:46","date_gmt":"2021-05-18T17:32:46","guid":{"rendered":"https:\/\/encuentroinformativo.com.mx\/?p=14214"},"modified":"2021-05-18T12:32:50","modified_gmt":"2021-05-18T17:32:50","slug":"sdtev-reclama-audiencia-con-autoridades-de-la-sev","status":"publish","type":"post","link":"https:\/\/encuentroinformativo.com.mx\/?p=14214","title":{"rendered":"SDTEV reclama audiencia con autoridades de la SEV"},"content":{"rendered":"\n<p><strong>Juan Arcos<\/strong><\/p>\n\n\n\n<p>Xalapa, Ver.- Integrantes del Sindicato Democr\u00e1tico de Trabajadores de la Educaci\u00f3n de Veracruz (SDTEV) tomaron las oficinas centrales de la Secretar\u00eda de Educaci\u00f3n de Veracruz (SEV).<\/p>\n\n\n\n<p>Se trata del grupo sindical que encabeza el l\u00edder Oswaldo Ahumada Aguilar, quien critic\u00f3 que el Tribunal Estatal de Conciliaci\u00f3n y Arbitraje (TECA) haya otorgado la toma de nota a otra fracci\u00f3n del mismo sindicato.<\/p>\n\n\n\n<p>Los quejosos exigieron una audiencia con el titular de la SEV, Zenyazen Escobar Garc\u00eda, para aclarar asuntos de su organizaci\u00f3n sindical.<\/p>\n\n\n\n<p>Esto ocurri\u00f3 luego de que otros miembros del SDTEV tomaran las oficinas de la dependencia estatal, bloquearan la carretera federal Xalapa-Banderilla y fueran desalojados con violencia por polic\u00edas estatales.<\/p>\n\n\n\n<p>Ahumada Aguilar record\u00f3 que recientemente el TECA aval\u00f3 una elecci\u00f3n interna del SDTEV, donde la otra fracci\u00f3n falsific\u00f3 firmas para nombrar a su l\u00edder sindical.<\/p>\n\n\n\n<p>\u201cPusieron firmas de compa\u00f1eros que fallecieron hace muchos a\u00f1os, hicieron todo este fraude para solicitar la toma de nota, al otorgar el tribunal la toma de nota, revisamos el expediente y la votaci\u00f3n que entregamos donde tenemos la mayor\u00eda y ah\u00ed nos damos cuenta del fraude que hicieron\u201d.<\/p>\n\n\n\n<p>El l\u00edder sindical indic\u00f3 que ser\u00edan recibidos por el Secretario de Educaci\u00f3n de Veracruz para exigir que sea reconocida la dirigencia del SDTEV.<\/p>\n\n\n\n<p>Tambi\u00e9n solicit\u00f3 que el regreso a clares presenciales se lleve a cabo el siguiente ciclo escolar, para evitar un rebrote de SARS-COV-2 (COVID-19) en los planteles educativos.&nbsp;<\/p>\n","protected":false},"excerpt":{"rendered":"<p>Juan Arcos Xalapa, Ver.- Integrantes del Sindicato Democr\u00e1tico de Trabajadores de la Educaci\u00f3n de Veracruz (SDTEV) tomaron las oficinas centrales de la Secretar\u00eda de Educaci\u00f3n de Veracruz (SEV). Se trata del grupo sindical que encabeza el l\u00edder Oswaldo Ahumada Aguilar, quien critic\u00f3 que el Tribunal Estatal de Conciliaci\u00f3n y Arbitraje (TECA) haya otorgado la toma [&hellip;]<\/p>\n","protected":false},"author":1,"featured_media":14215,"comment_status":"open","ping_status":"open","sticky":false,"template":"","format":"standard","meta":{"_jetpack_memberships_contains_paid_content":false,"footnotes":""},"categories":[3],"tags":[],"class_list":["post-14214","post","type-post","status-publish","format-standard","has-post-thumbnail","hentry","category-xalapa"],"jetpack_featured_media_url":"https:\/\/encuentroinformativo.com.mx\/wp-content\/uploads\/2021\/05\/48C49F93-77CC-481E-A3DB-1EDEB7432C9A.jpeg","jetpack_sharing_enabled":true,"jetpack_likes_enabled":true,"amp_enabled":true,"_links":{"self":[{"href":"https:\/\/encuentroinformativo.com.mx\/index.php?rest_route=\/wp\/v2\/posts\/14214","targetHints":{"allow":["GET"]}}],"collection":[{"href":"https:\/\/encuentroinformativo.com.mx\/index.php?rest_route=\/wp\/v2\/posts"}],"about":[{"href":"https:\/\/encuentroinformativo.com.mx\/index.php?rest_route=\/wp\/v2\/types\/post"}],"author":[{"embeddable":true,"href":"https:\/\/encuentroinformativo.com.mx\/index.php?rest_route=\/wp\/v2\/users\/1"}],"replies":[{"embeddable":true,"href":"https:\/\/encuentroinformativo.com.mx\/index.php?rest_route=%2Fwp%2Fv2%2Fcomments&post=14214"}],"version-history":[{"count":1,"href":"https:\/\/encuentroinformativo.com.mx\/index.php?rest_route=\/wp\/v2\/posts\/14214\/revisions"}],"predecessor-version":[{"id":14216,"href":"https:\/\/encuentroinformativo.com.mx\/index.php?rest_route=\/wp\/v2\/posts\/14214\/revisions\/14216"}],"wp:featuredmedia":[{"embeddable":true,"href":"https:\/\/encuentroinformativo.com.mx\/index.php?rest_route=\/wp\/v2\/media\/14215"}],"wp:attachment":[{"href":"https:\/\/encuentroinformativo.com.mx\/index.php?rest_route=%2Fwp%2Fv2%2Fmedia&parent=14214"}],"wp:term":[{"taxonomy":"category","embeddable":true,"href":"https:\/\/encuentroinformativo.com.mx\/index.php?rest_route=%2Fwp%2Fv2%2Fcategories&post=14214"},{"taxonomy":"post_tag","embeddable":true,"href":"https:\/\/encuentroinformativo.com.mx\/index.php?rest_route=%2Fwp%2Fv2%2Ftags&post=14214"}],"curies":[{"name":"wp","href":"https:\/\/api.w.org\/{rel}","templated":true}]}}