{"id":14226,"date":"2021-05-18T14:08:23","date_gmt":"2021-05-18T19:08:23","guid":{"rendered":"https:\/\/encuentroinformativo.com.mx\/?p=14226"},"modified":"2021-05-18T14:08:27","modified_gmt":"2021-05-18T19:08:27","slug":"impiden-a-representantes-de-alianza-veracruz-va-denunciar-actos-ilegales","status":"publish","type":"post","link":"https:\/\/encuentroinformativo.com.mx\/?p=14226","title":{"rendered":"Impiden a representantes de alianza &#8220;Veracruz Va&#8221; denunciar actos ilegales"},"content":{"rendered":"\n<p><strong>Alejandro \u00c1vila<\/strong><\/p>\n\n\n\n<p>Veracruz, Ver.- Representantes de los partidos PRI, PAN y PRD en el OPLE, acusaron que no les permitieron realizar una denuncia en contra del Gobierno del Estado, por promoci\u00f3n indebida de partido Morena.<\/p>\n\n\n\n<p>Andr\u00e9s de la Parra, vocero del PAN, explic\u00f3 que este lunes acudieron a la Fiscal\u00eda de Delitos Electorales para tratar de interponer una denuncia en contra del gobernador del Estado, el secretario de Seguridad P\u00fablica, as\u00ed como los directores de Transporte P\u00fablico y Tr\u00e1nsito y Seguridad Vial, por el delito de uso de recursos p\u00fablicos para favorecer a Morena, aclarando que se trata de la propaganda ilustrativa de la Cuarta Transformaci\u00f3n en taxis y camiones.<\/p>\n\n\n\n<p>Se\u00f1alaron que esperaron durante 6 horas a que el Fiscal, Lauro Ramos Olmos diera la autorizaci\u00f3n para recibir la denuncia, para posteriormente negarse, motivo por el cual, se levant\u00f3 una fe de hechos por la negligencia y corrupci\u00f3n del funcionario, para presentar este martes la denuncia por incumplimiento de un deber legal ante la Fiscal\u00eda Anticorrupci\u00f3n, la Comisi\u00f3n Estatal de Derechos Humanos y la Visitadur\u00eda General de la Fiscal\u00eda, donde se solicitar\u00e1 la destituci\u00f3n de Lauro Ramos Olmos.<\/p>\n\n\n\n<p>&#8220;En toda la ciudad tenemos diversos taxis y camiones que traen anunciada la propaganda de la cuarta T. Esto est\u00e1 prohibido por ley, ning\u00fan partido pol\u00edtico puede hacer uso de transporte p\u00fablico para hacer propaganda a su favor, Morena lo est\u00e1 haciendo facciosamente e impunemente, porque tiene a todas las instancias a su favor, y esto no solamente es un delito, sino que ni siquiera lo podemos denunciar, porque las instituciones no est\u00e1n atendiendo a los partidos pol\u00edticos de oposici\u00f3n&#8221;, resalt\u00f3.<\/p>\n\n\n\n<p>Andr\u00e9s de la Parra Trujillo del PAN, acompa\u00f1ado de Ricardo Carlos Guerrero Alfonso del PRI, y Misael Hern\u00e1ndez del PRD, aseguraron tener registrados los n\u00fameros econ\u00f3micos de los veh\u00edculos de transporte p\u00fablico con publicidad.<\/p>\n","protected":false},"excerpt":{"rendered":"<p>Alejandro \u00c1vila Veracruz, Ver.- Representantes de los partidos PRI, PAN y PRD en el OPLE, acusaron que no les permitieron realizar una denuncia en contra del Gobierno del Estado, por promoci\u00f3n indebida de partido Morena. Andr\u00e9s de la Parra, vocero del PAN, explic\u00f3 que este lunes acudieron a la Fiscal\u00eda de Delitos Electorales para tratar [&hellip;]<\/p>\n","protected":false},"author":1,"featured_media":14227,"comment_status":"open","ping_status":"open","sticky":false,"template":"","format":"standard","meta":{"_jetpack_memberships_contains_paid_content":false,"footnotes":""},"categories":[2],"tags":[],"class_list":["post-14226","post","type-post","status-publish","format-standard","has-post-thumbnail","hentry","category-estado"],"jetpack_featured_media_url":"https:\/\/encuentroinformativo.com.mx\/wp-content\/uploads\/2021\/05\/4D406713-4BB2-4C7B-B9B9-C4995639F560.jpeg","jetpack_sharing_enabled":true,"jetpack_likes_enabled":true,"amp_enabled":true,"_links":{"self":[{"href":"https:\/\/encuentroinformativo.com.mx\/index.php?rest_route=\/wp\/v2\/posts\/14226","targetHints":{"allow":["GET"]}}],"collection":[{"href":"https:\/\/encuentroinformativo.com.mx\/index.php?rest_route=\/wp\/v2\/posts"}],"about":[{"href":"https:\/\/encuentroinformativo.com.mx\/index.php?rest_route=\/wp\/v2\/types\/post"}],"author":[{"embeddable":true,"href":"https:\/\/encuentroinformativo.com.mx\/index.php?rest_route=\/wp\/v2\/users\/1"}],"replies":[{"embeddable":true,"href":"https:\/\/encuentroinformativo.com.mx\/index.php?rest_route=%2Fwp%2Fv2%2Fcomments&post=14226"}],"version-history":[{"count":1,"href":"https:\/\/encuentroinformativo.com.mx\/index.php?rest_route=\/wp\/v2\/posts\/14226\/revisions"}],"predecessor-version":[{"id":14228,"href":"https:\/\/encuentroinformativo.com.mx\/index.php?rest_route=\/wp\/v2\/posts\/14226\/revisions\/14228"}],"wp:featuredmedia":[{"embeddable":true,"href":"https:\/\/encuentroinformativo.com.mx\/index.php?rest_route=\/wp\/v2\/media\/14227"}],"wp:attachment":[{"href":"https:\/\/encuentroinformativo.com.mx\/index.php?rest_route=%2Fwp%2Fv2%2Fmedia&parent=14226"}],"wp:term":[{"taxonomy":"category","embeddable":true,"href":"https:\/\/encuentroinformativo.com.mx\/index.php?rest_route=%2Fwp%2Fv2%2Fcategories&post=14226"},{"taxonomy":"post_tag","embeddable":true,"href":"https:\/\/encuentroinformativo.com.mx\/index.php?rest_route=%2Fwp%2Fv2%2Ftags&post=14226"}],"curies":[{"name":"wp","href":"https:\/\/api.w.org\/{rel}","templated":true}]}}