{"id":14229,"date":"2021-05-18T14:16:21","date_gmt":"2021-05-18T19:16:21","guid":{"rendered":"https:\/\/encuentroinformativo.com.mx\/?p=14229"},"modified":"2021-05-18T14:16:25","modified_gmt":"2021-05-18T19:16:25","slug":"adelanta-maym-que-le-quitaran-la-candidatura-por-alcaldia-de-veracruz","status":"publish","type":"post","link":"https:\/\/encuentroinformativo.com.mx\/?p=14229","title":{"rendered":"Adelanta MAYM que le quitar\u00e1n la candidatura por alcald\u00eda de Veracruz"},"content":{"rendered":"\n<p><strong>Alejandro \u00c1vila<\/strong><\/p>\n\n\n\n<p>Veracruz, Ver.- A trav\u00e9s de redes sociales, el aspirante a la alcald\u00eda del municipio de Veracruz por la alianza &#8220;Veracruz Va&#8221;, Miguel \u00c1ngel Yunes M\u00e1rquez, reconoci\u00f3 en un video le ser\u00e1 retirada la candidatura, acci\u00f3n que asegur\u00f3 fue orquestada por Gobierbo del Estado, desde hace meses.<\/p>\n\n\n\n<p>El ex alcalde boque\u00f1o acus\u00f3 que el Tribunal Electoral Veracruzano (TEV), &#8220;siguen \u00f3rdenes del Gobierno\u201d.<\/p>\n\n\n\n<p>Adem\u00e1s, expuso que han usado de manera ilegal todos los recursos del estado en su contra.&nbsp;<\/p>\n\n\n\n<p>\u201cTodo tipo de agravios, amenazas y persecuciones, pero aqu\u00ed estoy y seguir\u00e9 adelante hasta lograr la victoria. Contra viento y marea logr\u00e9 la candidatura de tres partidos y empec\u00e9 a caminar con la gente para ganarme su confianza y su voto\u201d, expres\u00f3.<\/p>\n\n\n\n<p>Yunes M\u00e1rquez expone que, como lo ha venido comentando desde hace semanas, su campa\u00f1a ser\u00e1 suspendida mediante una &#8220;treta&#8221; orquestada en el Tribunal Electoral del Estado.<\/p>\n\n\n\n<p>Incluso, asegur\u00f3 tener las pruebas del resolutivo con el cual pretenden quitarle la candidatura, el cual en breve ser\u00e1 votado y aprobado por la mayor\u00eda de los Magistrados a quienes se\u00f1al\u00f3 de corruptos.<\/p>\n\n\n\n<p>&#8220;La discusi\u00f3n y votaci\u00f3n en el Tribunal ser\u00e1 una vil simulaci\u00f3n, esta es una decisi\u00f3n ya tomada desde el Gobierno desde hace meses\u201d.<\/p>\n\n\n\n<p>En ese sentido, expuso que el Tribunal Electoral Veracruzano no tiene la \u00faltima palabra.&nbsp;<\/p>\n\n\n\n<p>\u201cEs s\u00f3lo la primera instancia. Vamos a acudir a la justicia federal a defender el derecho de todos a elegir a la persona que mejor les parezca. Estamos listos para defendernos con la raz\u00f3n y la ley en la mano. Estoy seguro que saldremos adelante\u201d.<\/p>\n\n\n\n<p>El panista se\u00f1al\u00f3 que pueden suspender su candidatura temporalmente, pero no podr\u00e1n frenar es la decisi\u00f3n ya tomada por los veracruzanos de elegir a quien ellos quieren que sea su alcalde.<\/p>\n\n\n\n<p>\u201cTe equivocaste Cuitl\u00e1huac, los jarochos no van a permitir que tu gobierno corrupto y represor les quite el derecho a pensar, hablar, opinar, y a elegir libremente\u201d, se\u00f1ala.&nbsp;<\/p>\n\n\n\n<p>\u201cAqu\u00ed si te vas a topar con pared. En el Puerto de Veracruz hay miles de mujeres y hombres de valor, con convicciones y con el coraje para seguir adelante con nuestra lucha. Si piensas que quit\u00e1ndome a la mala el derecho a participar en las elecciones vas a doblarnos, est\u00e1s muy equivocado\u201d, a\u00f1ade.<\/p>\n","protected":false},"excerpt":{"rendered":"<p>Alejandro \u00c1vila Veracruz, Ver.- A trav\u00e9s de redes sociales, el aspirante a la alcald\u00eda del municipio de Veracruz por la alianza &#8220;Veracruz Va&#8221;, Miguel \u00c1ngel Yunes M\u00e1rquez, reconoci\u00f3 en un video le ser\u00e1 retirada la candidatura, acci\u00f3n que asegur\u00f3 fue orquestada por Gobierbo del Estado, desde hace meses. El ex alcalde boque\u00f1o acus\u00f3 que el [&hellip;]<\/p>\n","protected":false},"author":1,"featured_media":14230,"comment_status":"open","ping_status":"open","sticky":false,"template":"","format":"standard","meta":{"_jetpack_memberships_contains_paid_content":false,"footnotes":""},"categories":[2],"tags":[],"class_list":["post-14229","post","type-post","status-publish","format-standard","has-post-thumbnail","hentry","category-estado"],"jetpack_featured_media_url":"https:\/\/encuentroinformativo.com.mx\/wp-content\/uploads\/2021\/05\/CE65EEF9-CD1D-4ED7-9F80-02C9387CE38C.jpeg","jetpack_sharing_enabled":true,"jetpack_likes_enabled":true,"amp_enabled":true,"_links":{"self":[{"href":"https:\/\/encuentroinformativo.com.mx\/index.php?rest_route=\/wp\/v2\/posts\/14229","targetHints":{"allow":["GET"]}}],"collection":[{"href":"https:\/\/encuentroinformativo.com.mx\/index.php?rest_route=\/wp\/v2\/posts"}],"about":[{"href":"https:\/\/encuentroinformativo.com.mx\/index.php?rest_route=\/wp\/v2\/types\/post"}],"author":[{"embeddable":true,"href":"https:\/\/encuentroinformativo.com.mx\/index.php?rest_route=\/wp\/v2\/users\/1"}],"replies":[{"embeddable":true,"href":"https:\/\/encuentroinformativo.com.mx\/index.php?rest_route=%2Fwp%2Fv2%2Fcomments&post=14229"}],"version-history":[{"count":1,"href":"https:\/\/encuentroinformativo.com.mx\/index.php?rest_route=\/wp\/v2\/posts\/14229\/revisions"}],"predecessor-version":[{"id":14231,"href":"https:\/\/encuentroinformativo.com.mx\/index.php?rest_route=\/wp\/v2\/posts\/14229\/revisions\/14231"}],"wp:featuredmedia":[{"embeddable":true,"href":"https:\/\/encuentroinformativo.com.mx\/index.php?rest_route=\/wp\/v2\/media\/14230"}],"wp:attachment":[{"href":"https:\/\/encuentroinformativo.com.mx\/index.php?rest_route=%2Fwp%2Fv2%2Fmedia&parent=14229"}],"wp:term":[{"taxonomy":"category","embeddable":true,"href":"https:\/\/encuentroinformativo.com.mx\/index.php?rest_route=%2Fwp%2Fv2%2Fcategories&post=14229"},{"taxonomy":"post_tag","embeddable":true,"href":"https:\/\/encuentroinformativo.com.mx\/index.php?rest_route=%2Fwp%2Fv2%2Ftags&post=14229"}],"curies":[{"name":"wp","href":"https:\/\/api.w.org\/{rel}","templated":true}]}}