{"id":14235,"date":"2021-05-18T14:45:05","date_gmt":"2021-05-18T19:45:05","guid":{"rendered":"https:\/\/encuentroinformativo.com.mx\/?p=14235"},"modified":"2021-05-18T14:45:09","modified_gmt":"2021-05-18T19:45:09","slug":"academico-martin-aguilar-se-destapa-a-rectoria-de-la-uv","status":"publish","type":"post","link":"https:\/\/encuentroinformativo.com.mx\/?p=14235","title":{"rendered":"Acad\u00e9mico Mart\u00edn Aguilar se destapa a rector\u00eda de la UV"},"content":{"rendered":"\n<p><strong>Juan Arcos<\/strong><\/p>\n\n\n\n<p>Xalapa, Ver.- El ac\u00e1demico Mart\u00edn Aguilar S\u00e1nchez se destap\u00f3 como aspirante a la Rector\u00eda de la Universidad Veracruzana (UV) y consider\u00f3 que el principal reto a atender es la deserci\u00f3n escolar derivada de la pandemia del SARS-COV-2 (COVID-19).<\/p>\n\n\n\n<p>El doctor en Ciencia Pol\u00edtica e investigador del Instituto de Investigaciones Hist\u00f3rico-asociales se\u00f1al\u00f3 que la m\u00e1xima casa de estudios del estado cuenta con los recursos econ\u00f3micos suficientes para atender las necesidades prioritarias de la misma.<\/p>\n\n\n\n<p>\u201cLos recursos no son muchos, pero consideramos que pueden ser suficientes en este sentido, por eso hablamos de reorientar el presupuesto hacia las funciones sustantivas de la universidad y hacia esas prioridades como ahorita han sido estas repercusiones (por la pandemia)\u201d.<\/p>\n\n\n\n<p>En conferencia de prensa, el especialista en temas sociales indic\u00f3 que a\u00fan no existe un diagn\u00f3stico para conocer con certeza el \u00edndice de deserci\u00f3n que ocasion\u00f3 la emergencia sanitaria.<\/p>\n\n\n\n<p>Sin embargo, mencion\u00f3 que en caso de llegar a la Rector\u00eda de la UV se trabajar\u00e1 arduamente para garantizar que los estudiantes retomen y concluyan sus estudios del nivel superior.<br>Aguilar S\u00e1nchez inform\u00f3 que su propuesta lleva el nombre de \u201cPor una transformaci\u00f3n integral en la UV\u201d, cuyos ejes transversales son los derechos humanos y la sustentabilidad.<\/p>\n\n\n\n<p>Refiri\u00f3 que lo anterior permitir\u00e1 entender y responder a las repercusiones de diversos fen\u00f3menos por la pandemia, el calentamiento global, la conflictividad social, las violencias y la insuficiencia de las capacidades b\u00e1sicas desarrolladas por los actuales sistemas educativos.<\/p>\n\n\n\n<p>Record\u00f3 que a finales del mes de junio ser\u00e1 publicada la convocatoria para el registro de aspirantes a la Rector\u00eda de la Universidad Veracruzana.<\/p>\n\n\n\n<p>Finalmente, destac\u00f3 que, en agosto pr\u00f3ximo, ser\u00e1 designada la persona que ocupar\u00e1 el cargo m\u00e1s importante de la instancia acad\u00e9mica.<\/p>\n","protected":false},"excerpt":{"rendered":"<p>Juan Arcos Xalapa, Ver.- El ac\u00e1demico Mart\u00edn Aguilar S\u00e1nchez se destap\u00f3 como aspirante a la Rector\u00eda de la Universidad Veracruzana (UV) y consider\u00f3 que el principal reto a atender es la deserci\u00f3n escolar derivada de la pandemia del SARS-COV-2 (COVID-19). El doctor en Ciencia Pol\u00edtica e investigador del Instituto de Investigaciones Hist\u00f3rico-asociales se\u00f1al\u00f3 que la [&hellip;]<\/p>\n","protected":false},"author":1,"featured_media":14236,"comment_status":"open","ping_status":"open","sticky":false,"template":"","format":"standard","meta":{"_jetpack_memberships_contains_paid_content":false,"footnotes":""},"categories":[3],"tags":[],"class_list":["post-14235","post","type-post","status-publish","format-standard","has-post-thumbnail","hentry","category-xalapa"],"jetpack_featured_media_url":"https:\/\/encuentroinformativo.com.mx\/wp-content\/uploads\/2021\/05\/55FF7DCF-8F67-4817-BE03-09E433969FF2.jpeg","jetpack_sharing_enabled":true,"jetpack_likes_enabled":true,"amp_enabled":true,"_links":{"self":[{"href":"https:\/\/encuentroinformativo.com.mx\/index.php?rest_route=\/wp\/v2\/posts\/14235","targetHints":{"allow":["GET"]}}],"collection":[{"href":"https:\/\/encuentroinformativo.com.mx\/index.php?rest_route=\/wp\/v2\/posts"}],"about":[{"href":"https:\/\/encuentroinformativo.com.mx\/index.php?rest_route=\/wp\/v2\/types\/post"}],"author":[{"embeddable":true,"href":"https:\/\/encuentroinformativo.com.mx\/index.php?rest_route=\/wp\/v2\/users\/1"}],"replies":[{"embeddable":true,"href":"https:\/\/encuentroinformativo.com.mx\/index.php?rest_route=%2Fwp%2Fv2%2Fcomments&post=14235"}],"version-history":[{"count":1,"href":"https:\/\/encuentroinformativo.com.mx\/index.php?rest_route=\/wp\/v2\/posts\/14235\/revisions"}],"predecessor-version":[{"id":14237,"href":"https:\/\/encuentroinformativo.com.mx\/index.php?rest_route=\/wp\/v2\/posts\/14235\/revisions\/14237"}],"wp:featuredmedia":[{"embeddable":true,"href":"https:\/\/encuentroinformativo.com.mx\/index.php?rest_route=\/wp\/v2\/media\/14236"}],"wp:attachment":[{"href":"https:\/\/encuentroinformativo.com.mx\/index.php?rest_route=%2Fwp%2Fv2%2Fmedia&parent=14235"}],"wp:term":[{"taxonomy":"category","embeddable":true,"href":"https:\/\/encuentroinformativo.com.mx\/index.php?rest_route=%2Fwp%2Fv2%2Fcategories&post=14235"},{"taxonomy":"post_tag","embeddable":true,"href":"https:\/\/encuentroinformativo.com.mx\/index.php?rest_route=%2Fwp%2Fv2%2Ftags&post=14235"}],"curies":[{"name":"wp","href":"https:\/\/api.w.org\/{rel}","templated":true}]}}