{"id":14238,"date":"2021-05-18T16:58:21","date_gmt":"2021-05-18T21:58:21","guid":{"rendered":"https:\/\/encuentroinformativo.com.mx\/?p=14238"},"modified":"2021-05-18T16:58:25","modified_gmt":"2021-05-18T21:58:25","slug":"condenan-sindicados-actos-de-represion-contra-docentes","status":"publish","type":"post","link":"https:\/\/encuentroinformativo.com.mx\/?p=14238","title":{"rendered":"Condenan sindicados actos de represi\u00f3n contra docentes"},"content":{"rendered":"\n<p><strong>Dar\u00edo Pale<\/strong><\/p>\n\n\n\n<p>Xalapa, Ver.- Condenan los actos de represi\u00f3n cometidos en contra de los integrantes del SDTEV, quienes fueron desalojados violentamente de la carretera mientras protestaban, as\u00ed lo se\u00f1alo el dirigente del Gremio Nacional de Trabajadores de la Educaci\u00f3n (GNTE), Avith Moctezuma Uscanga.<\/p>\n\n\n\n<p>En conferencia de prensa Realizada en conocido caf\u00e9 del centro de Xalapa, el l\u00edder sindical se\u00f1al\u00f3 que aquello que tanto criticaron quienes hoy gobiernan Veracruz, es su instrumento de acci\u00f3n.<\/p>\n\n\n\n<p>&#8220;Ellos fueron manifestantes, pseudomanifestantes que encausaron luchas que en realidad nunca llevaron a cabo y que solamente las usaron como trampol\u00edn para los cargos que hoy tienen&#8221;, se\u00f1al\u00f3.<\/p>\n\n\n\n<p>Moctezuma Uscanga critic\u00f3 que hoy golpeen a los docentes, que usen a la polic\u00eda que lejos de brindar seguridad a los ciudadanos, se usa para amedrentarlos.<\/p>\n\n\n\n<p>Expres\u00f3 que si hoy desde el Gobierno se quiere pervertir la defensa de los trabajadores con un asunto electoral, ellos ser\u00e1n los responsables porque en 2 a\u00f1os y medio que llevan de administraci\u00f3n no han resuelto nada.<\/p>\n\n\n\n<p>&#8220;La Secretar\u00eda era un caos y hoy es tres veces m\u00e1s el caos que recibieron. Est\u00e1n peor que nunca. No hay manera de esperar buenos resultados. De parte del Gremio habr\u00e1 defensa de los derechos de los trabajadores, con toda la fuerza que tiene el sindicato a nivel nacional&#8221;, acus\u00f3.<\/p>\n\n\n\n<p>El l\u00edder llam\u00f3 a las bases magisteriales para que no dejen de observar las &#8220;canalladas&#8221; que se est\u00e1n cometiendo en contra de los hermanos trabajadores.<\/p>\n\n\n\n<p>En otro orden de ideas, consider\u00f3 que el regreso a clases presenciales es m\u00e1s un asunto de tipo electoral.<\/p>\n\n\n\n<p>&#8220;La urgencia son las elecciones, la postura de la organizaci\u00f3n es que est\u00e9n dadas las condiciones de seguridad para todos. El hecho de habernos vacunados a los trabajadores de la educaci\u00f3n no significa que dejemos de estar expuestos&#8221;, finaliz\u00f3.<\/p>\n","protected":false},"excerpt":{"rendered":"<p>Dar\u00edo Pale Xalapa, Ver.- Condenan los actos de represi\u00f3n cometidos en contra de los integrantes del SDTEV, quienes fueron desalojados violentamente de la carretera mientras protestaban, as\u00ed lo se\u00f1alo el dirigente del Gremio Nacional de Trabajadores de la Educaci\u00f3n (GNTE), Avith Moctezuma Uscanga. En conferencia de prensa Realizada en conocido caf\u00e9 del centro de Xalapa, [&hellip;]<\/p>\n","protected":false},"author":1,"featured_media":14239,"comment_status":"open","ping_status":"open","sticky":false,"template":"","format":"standard","meta":{"_jetpack_memberships_contains_paid_content":false,"footnotes":""},"categories":[3],"tags":[],"class_list":["post-14238","post","type-post","status-publish","format-standard","has-post-thumbnail","hentry","category-xalapa"],"jetpack_featured_media_url":"https:\/\/encuentroinformativo.com.mx\/wp-content\/uploads\/2021\/05\/B4702C56-BCD1-4F9C-B71B-B895507076D7.jpeg","jetpack_sharing_enabled":true,"jetpack_likes_enabled":true,"amp_enabled":true,"_links":{"self":[{"href":"https:\/\/encuentroinformativo.com.mx\/index.php?rest_route=\/wp\/v2\/posts\/14238","targetHints":{"allow":["GET"]}}],"collection":[{"href":"https:\/\/encuentroinformativo.com.mx\/index.php?rest_route=\/wp\/v2\/posts"}],"about":[{"href":"https:\/\/encuentroinformativo.com.mx\/index.php?rest_route=\/wp\/v2\/types\/post"}],"author":[{"embeddable":true,"href":"https:\/\/encuentroinformativo.com.mx\/index.php?rest_route=\/wp\/v2\/users\/1"}],"replies":[{"embeddable":true,"href":"https:\/\/encuentroinformativo.com.mx\/index.php?rest_route=%2Fwp%2Fv2%2Fcomments&post=14238"}],"version-history":[{"count":1,"href":"https:\/\/encuentroinformativo.com.mx\/index.php?rest_route=\/wp\/v2\/posts\/14238\/revisions"}],"predecessor-version":[{"id":14240,"href":"https:\/\/encuentroinformativo.com.mx\/index.php?rest_route=\/wp\/v2\/posts\/14238\/revisions\/14240"}],"wp:featuredmedia":[{"embeddable":true,"href":"https:\/\/encuentroinformativo.com.mx\/index.php?rest_route=\/wp\/v2\/media\/14239"}],"wp:attachment":[{"href":"https:\/\/encuentroinformativo.com.mx\/index.php?rest_route=%2Fwp%2Fv2%2Fmedia&parent=14238"}],"wp:term":[{"taxonomy":"category","embeddable":true,"href":"https:\/\/encuentroinformativo.com.mx\/index.php?rest_route=%2Fwp%2Fv2%2Fcategories&post=14238"},{"taxonomy":"post_tag","embeddable":true,"href":"https:\/\/encuentroinformativo.com.mx\/index.php?rest_route=%2Fwp%2Fv2%2Ftags&post=14238"}],"curies":[{"name":"wp","href":"https:\/\/api.w.org\/{rel}","templated":true}]}}