{"id":1424,"date":"2020-03-30T15:01:27","date_gmt":"2020-03-30T21:01:27","guid":{"rendered":"https:\/\/encuentroinformativo.com\/?p=1424"},"modified":"2020-03-30T15:01:30","modified_gmt":"2020-03-30T21:01:30","slug":"ayuntamiento-promete-apoyos-para-comerciantes","status":"publish","type":"post","link":"https:\/\/encuentroinformativo.com.mx\/?p=1424","title":{"rendered":"Ayuntamiento promete \u201capoyos\u201d para comerciantes"},"content":{"rendered":"\n<p><strong>Dar\u00edo Pale <\/strong><\/p>\n\n\n\n<p>Xalapa, Ver.- El Director de Gobernaci\u00f3n del ayuntamiento de Xalapa,\nJuan Vergel Pacheco dio a conocer que otorgar\u00e1n diferentes apoyos\nprincipalmente a los m\u00e1s vulnerables como los son los de la tercera edad y la\neconom\u00eda informal, ya que sus ventas han bajado hasta en un 90 por ciento.<\/p>\n\n\n\n<p>Entrevistado en las afueras de palacio municipal se\u00f1al\u00f3 que el Ayuntamiento\nse ha estado preparando para este tipo de situaciones de crisis sanitaria y que\ntiene un impacto en la econom\u00eda local por lo que otorgar\u00e1 apoyos que van dirigidos\nal sector m\u00e1s vulnerable como lo son los adultos mayores y a los de la econom\u00eda\ninformal.<\/p>\n\n\n\n<p>Coment\u00f3 que el presidente municipal present\u00f3 una iniciativa para atraer\nfondos de actividades que se dejaran de realizar por parte del ayuntamiento y\nestablecer una bolsa que permita generar actividades econ\u00f3micas de manera\ntemporal emergente.<\/p>\n\n\n\n<p>Van a realizar capacitaciones para que la poblaci\u00f3n aproveche su\ntraspatio para producir productos que son de r\u00e1pida cosecha y que son\nnecesarios y ante esta circunstancia se pueden enfrentar a la espiral de la\ncarest\u00eda.<\/p>\n\n\n\n<p>Finalmente cabe se\u00f1alar que estas propuestas se las plante\u00f3 a los\nvendedores con quienes di\u00e1logo despu\u00e9s de que se manifestaron en la Plaza Lerdo\npara solicitar el apoyo de las diferentes autoridades.<\/p>\n","protected":false},"excerpt":{"rendered":"<p>Dar\u00edo Pale Xalapa, Ver.- El Director de Gobernaci\u00f3n del ayuntamiento de Xalapa, Juan Vergel Pacheco dio a conocer que otorgar\u00e1n diferentes apoyos principalmente a los m\u00e1s vulnerables como los son los de la tercera edad y la econom\u00eda informal, ya que sus ventas han bajado hasta en un 90 por ciento. Entrevistado en las afueras [&hellip;]<\/p>\n","protected":false},"author":1,"featured_media":1423,"comment_status":"open","ping_status":"open","sticky":false,"template":"","format":"standard","meta":{"_jetpack_memberships_contains_paid_content":false,"footnotes":""},"categories":[3],"tags":[],"class_list":["post-1424","post","type-post","status-publish","format-standard","has-post-thumbnail","hentry","category-xalapa"],"jetpack_featured_media_url":"https:\/\/encuentroinformativo.com.mx\/wp-content\/uploads\/2020\/03\/0184C1B9-1256-471A-875C-842748FEEC9B.jpeg","jetpack_sharing_enabled":true,"jetpack_likes_enabled":true,"amp_enabled":true,"_links":{"self":[{"href":"https:\/\/encuentroinformativo.com.mx\/index.php?rest_route=\/wp\/v2\/posts\/1424","targetHints":{"allow":["GET"]}}],"collection":[{"href":"https:\/\/encuentroinformativo.com.mx\/index.php?rest_route=\/wp\/v2\/posts"}],"about":[{"href":"https:\/\/encuentroinformativo.com.mx\/index.php?rest_route=\/wp\/v2\/types\/post"}],"author":[{"embeddable":true,"href":"https:\/\/encuentroinformativo.com.mx\/index.php?rest_route=\/wp\/v2\/users\/1"}],"replies":[{"embeddable":true,"href":"https:\/\/encuentroinformativo.com.mx\/index.php?rest_route=%2Fwp%2Fv2%2Fcomments&post=1424"}],"version-history":[{"count":1,"href":"https:\/\/encuentroinformativo.com.mx\/index.php?rest_route=\/wp\/v2\/posts\/1424\/revisions"}],"predecessor-version":[{"id":1425,"href":"https:\/\/encuentroinformativo.com.mx\/index.php?rest_route=\/wp\/v2\/posts\/1424\/revisions\/1425"}],"wp:featuredmedia":[{"embeddable":true,"href":"https:\/\/encuentroinformativo.com.mx\/index.php?rest_route=\/wp\/v2\/media\/1423"}],"wp:attachment":[{"href":"https:\/\/encuentroinformativo.com.mx\/index.php?rest_route=%2Fwp%2Fv2%2Fmedia&parent=1424"}],"wp:term":[{"taxonomy":"category","embeddable":true,"href":"https:\/\/encuentroinformativo.com.mx\/index.php?rest_route=%2Fwp%2Fv2%2Fcategories&post=1424"},{"taxonomy":"post_tag","embeddable":true,"href":"https:\/\/encuentroinformativo.com.mx\/index.php?rest_route=%2Fwp%2Fv2%2Ftags&post=1424"}],"curies":[{"name":"wp","href":"https:\/\/api.w.org\/{rel}","templated":true}]}}