{"id":14241,"date":"2021-05-18T17:02:28","date_gmt":"2021-05-18T22:02:28","guid":{"rendered":"https:\/\/encuentroinformativo.com.mx\/?p=14241"},"modified":"2021-05-18T17:02:31","modified_gmt":"2021-05-18T22:02:31","slug":"senadora-pedira-remocion-de-magistrado-del-tev","status":"publish","type":"post","link":"https:\/\/encuentroinformativo.com.mx\/?p=14241","title":{"rendered":"Senadora pedir\u00e1 remoci\u00f3n de magistrado del TEV"},"content":{"rendered":"\n<p><strong>Alejandro \u00c1vila<\/strong><\/p>\n\n\n\n<p>Veracruz, Ver.- La Senadora Indira Rosales San Rom\u00e1n anunci\u00f3 que presentar\u00e1 ante la C\u00e1mara de Senadores una solicitud para iniciar un procedimiento de remoci\u00f3n del cargo en contra del Magistrado del Tribunal Electoral de Veracruz, Roberto Eduardo Sigala Aguilar, a quien se\u00f1ala de trabajar coludido con el Gobernador de Veracruz, Cuitl\u00e1huac Garc\u00eda Jim\u00e9nez, para desechar de forma ilegal la candidatura de Miguel \u00c1ngel Yunes M\u00e1rquez a la presidencia municipal de Veracruz.&nbsp;<\/p>\n\n\n\n<p>La legisladora, manifest\u00f3 que en la sesi\u00f3n del d\u00eda de este martes del Tribunal Electoral de Veracruz quedar\u00e1 en evidencia que el pasado 31 de marzo Cuitl\u00e1huac le regal\u00f3 a Sigala Aguilar una magistratura para su esposa, Claudia Ocampo Garc\u00eda, a cambio de votar en la sesi\u00f3n programada este d\u00eda.<\/p>\n\n\n\n<p>\u201cNo es ning\u00fan secreto lo que intentan hacer; han buscado por todas partes qu\u00e9 inventar para anular una candidatura que es de la gente, porque les da miedo que un proyecto de verdad haga evidente el fracaso de Morena\u201d.<\/p>\n\n\n\n<p>\u201cNo lo vamos a permitir, y por ello vamos a acudir a las instancias correspondientes para denunciar lo que est\u00e1 sucediendo y que se haga justicia\u201d, dijo Indira Rosales.<\/p>\n","protected":false},"excerpt":{"rendered":"<p>Alejandro \u00c1vila Veracruz, Ver.- La Senadora Indira Rosales San Rom\u00e1n anunci\u00f3 que presentar\u00e1 ante la C\u00e1mara de Senadores una solicitud para iniciar un procedimiento de remoci\u00f3n del cargo en contra del Magistrado del Tribunal Electoral de Veracruz, Roberto Eduardo Sigala Aguilar, a quien se\u00f1ala de trabajar coludido con el Gobernador de Veracruz, Cuitl\u00e1huac Garc\u00eda Jim\u00e9nez, [&hellip;]<\/p>\n","protected":false},"author":1,"featured_media":14242,"comment_status":"open","ping_status":"open","sticky":false,"template":"","format":"standard","meta":{"_jetpack_memberships_contains_paid_content":false,"footnotes":""},"categories":[2],"tags":[],"class_list":["post-14241","post","type-post","status-publish","format-standard","has-post-thumbnail","hentry","category-estado"],"jetpack_featured_media_url":"https:\/\/encuentroinformativo.com.mx\/wp-content\/uploads\/2021\/05\/E9327327-4EC5-4465-B23F-E8F6EF1A2A6C.jpeg","jetpack_sharing_enabled":true,"jetpack_likes_enabled":true,"amp_enabled":true,"_links":{"self":[{"href":"https:\/\/encuentroinformativo.com.mx\/index.php?rest_route=\/wp\/v2\/posts\/14241","targetHints":{"allow":["GET"]}}],"collection":[{"href":"https:\/\/encuentroinformativo.com.mx\/index.php?rest_route=\/wp\/v2\/posts"}],"about":[{"href":"https:\/\/encuentroinformativo.com.mx\/index.php?rest_route=\/wp\/v2\/types\/post"}],"author":[{"embeddable":true,"href":"https:\/\/encuentroinformativo.com.mx\/index.php?rest_route=\/wp\/v2\/users\/1"}],"replies":[{"embeddable":true,"href":"https:\/\/encuentroinformativo.com.mx\/index.php?rest_route=%2Fwp%2Fv2%2Fcomments&post=14241"}],"version-history":[{"count":1,"href":"https:\/\/encuentroinformativo.com.mx\/index.php?rest_route=\/wp\/v2\/posts\/14241\/revisions"}],"predecessor-version":[{"id":14243,"href":"https:\/\/encuentroinformativo.com.mx\/index.php?rest_route=\/wp\/v2\/posts\/14241\/revisions\/14243"}],"wp:featuredmedia":[{"embeddable":true,"href":"https:\/\/encuentroinformativo.com.mx\/index.php?rest_route=\/wp\/v2\/media\/14242"}],"wp:attachment":[{"href":"https:\/\/encuentroinformativo.com.mx\/index.php?rest_route=%2Fwp%2Fv2%2Fmedia&parent=14241"}],"wp:term":[{"taxonomy":"category","embeddable":true,"href":"https:\/\/encuentroinformativo.com.mx\/index.php?rest_route=%2Fwp%2Fv2%2Fcategories&post=14241"},{"taxonomy":"post_tag","embeddable":true,"href":"https:\/\/encuentroinformativo.com.mx\/index.php?rest_route=%2Fwp%2Fv2%2Ftags&post=14241"}],"curies":[{"name":"wp","href":"https:\/\/api.w.org\/{rel}","templated":true}]}}