{"id":14252,"date":"2021-05-19T09:25:36","date_gmt":"2021-05-19T14:25:36","guid":{"rendered":"https:\/\/encuentroinformativo.com.mx\/?p=14252"},"modified":"2021-05-19T09:25:39","modified_gmt":"2021-05-19T14:25:39","slug":"cui-y-zenyazen-no-son-iguales","status":"publish","type":"post","link":"https:\/\/encuentroinformativo.com.mx\/?p=14252","title":{"rendered":"Cui y Zenyazen no son iguales"},"content":{"rendered":"\n<p><strong>Los Pol\u00edticos<\/strong><\/p>\n\n\n\n<p><strong>Salvador Mu\u00f1oz<\/strong><\/p>\n\n\n\n<p>La carrera por la gubernatura para Zenyazen Escobar, ya tiene baches. La manifestaci\u00f3n de maestros que concluy\u00f3 en la \u201cdetenci\u00f3n como delincuentes\u201d de \u00e9stos, exhibe que lejos, muy lejos est\u00e1 de estar a la altura para aspirar a ser precandidato.<\/p>\n\n\n\n<p>Falta de oficio, de sensibilidad, de tacto pol\u00edtico, en un evento que se pudo resolver de la manera m\u00e1s sencilla por la tarde del lunes con un elemento b\u00e1sico: di\u00e1logo.<\/p>\n\n\n\n<p>Supongamos que el titular de Educaci\u00f3n carece de los elementos b\u00e1sicos para poder entablar una conversaci\u00f3n con los manifestantes, que en verdad no se sienta con los tama\u00f1os para atenderlos, o simplemente no tiene argumentos para responder a las demandas y por eso, ayer por la noche, opt\u00f3 mejor por dejarlos colgados despu\u00e9s de que hab\u00eda prometido atenderlos. Entonces\u2026 \u00a1vamos! tiene un subsecretario con m\u00e1s tablas que una carpinter\u00eda; vamos, hasta la Oficial Mayor pudo haberlos atendido\u2026 pero ser\u00eda imposible delegar tal responsabilidad a los subalternos bajo un principio b\u00e1sico que en muchos de los funcionarios de Morena, parece que es su coco: creen que si delegan, pierden fuerza, liderazgo, control de su peque\u00f1o coto de poder.<\/p>\n\n\n\n<p>La detenci\u00f3n de 14 maestros no ten\u00eda que llegar hasta San Jos\u00e9, como tampoco ten\u00eda que llegar el titular de Educaci\u00f3n a hacerla de \u201cabogado\u201d a las puertas del famoso ex Cuartel.<\/p>\n\n\n\n<p>Creo que todos est\u00e1n de acuerdo en celebrar la liberaci\u00f3n de los maestros, pero un error pol\u00edtico de Zenyazen Escobar, exhibe c\u00f3mo el Gobierno del Estado tiene diferentes medidas para aplicar la Ley\u2026 por ultrajes a la autoridad, mantienen en la c\u00e1rcel a Rogelio Franco Cast\u00e1n; por ultrajes a la autoridad, le dieron su sabadazo al empresario Eduardo Mario Casares Sort de Sanz\u2026 por ultrajes a la autoridad, detuvieron a los maestros y tras algunas horas, los liberaron, como una especie de escarmiento suave, ligero, a sabiendas de que se est\u00e1 a menos de dos semanas de elecciones.<\/p>\n\n\n\n<p>Lo que m\u00e1s sorprende del secretario de Educaci\u00f3n es que su pasado lo haya olvidado tan pronto\u2026 no, no nos referimos a su labor como el estriper Tarzan Boy, que dicho sea de paso, eso se cuece aparte.<\/p>\n\n\n\n<p>Hablamos de su pasado como manifestante, como tomador de calles, de instalaciones, al grado de que se cuenta en la misma SEV que un d\u00eda, fue detenido y era llevado directo a los separos, cuando el entonces Gobernador, Javier Duarte de Ochoa se enter\u00f3, y pidi\u00f3 que lo liberaran junto al grupo de manifestantes que lo acompa\u00f1aban.<\/p>\n\n\n\n<p>Tampoco hay que olvidar el precio que las autoridades estatales ten\u00edan que pagar por cada manifestaci\u00f3n les organizaba\u2026 deje usted el caos, la carretera bloqueada, la calle de Enr\u00edquez asfixiada\u2026 de eso quienes ocuparon la Oficial\u00eda Mayor saben mejor el precio que se tuvo que pagar a Zenyazen cada vez que se manifestaba\u2026 de eso, Chilly Willy tambi\u00e9n lo supo.<\/p>\n\n\n\n<p>Es una pena que ahora, los que antes se manifestaban contra el Gobierno represor, hoy sean eso, se convirtieron precisamente en lo que tanto rechazaban, en lo que tanto combat\u00edan, en lo que tanto repudiaban\u2026<\/p>\n\n\n\n<p>Cuitl\u00e1huac y Zenyazen no son igual a los gobiernos anteriores\u2026 son peores.<\/p>\n\n\n\n<p><a href=\"mailto:smcainito@gmail.com\" target=\"_blank\" rel=\"noreferrer noopener\">smcainito@gmail.com<\/a><\/p>\n","protected":false},"excerpt":{"rendered":"<p>Los Pol\u00edticos Salvador Mu\u00f1oz La carrera por la gubernatura para Zenyazen Escobar, ya tiene baches. La manifestaci\u00f3n de maestros que concluy\u00f3 en la \u201cdetenci\u00f3n como delincuentes\u201d de \u00e9stos, exhibe que lejos, muy lejos est\u00e1 de estar a la altura para aspirar a ser precandidato. Falta de oficio, de sensibilidad, de tacto pol\u00edtico, en un evento [&hellip;]<\/p>\n","protected":false},"author":1,"featured_media":70,"comment_status":"open","ping_status":"open","sticky":false,"template":"","format":"standard","meta":{"_jetpack_memberships_contains_paid_content":false,"footnotes":""},"categories":[11],"tags":[],"class_list":["post-14252","post","type-post","status-publish","format-standard","has-post-thumbnail","hentry","category-opinion"],"jetpack_featured_media_url":"https:\/\/encuentroinformativo.com.mx\/wp-content\/uploads\/2020\/02\/opinion-invitado.jpg","jetpack_sharing_enabled":true,"jetpack_likes_enabled":true,"amp_enabled":true,"_links":{"self":[{"href":"https:\/\/encuentroinformativo.com.mx\/index.php?rest_route=\/wp\/v2\/posts\/14252","targetHints":{"allow":["GET"]}}],"collection":[{"href":"https:\/\/encuentroinformativo.com.mx\/index.php?rest_route=\/wp\/v2\/posts"}],"about":[{"href":"https:\/\/encuentroinformativo.com.mx\/index.php?rest_route=\/wp\/v2\/types\/post"}],"author":[{"embeddable":true,"href":"https:\/\/encuentroinformativo.com.mx\/index.php?rest_route=\/wp\/v2\/users\/1"}],"replies":[{"embeddable":true,"href":"https:\/\/encuentroinformativo.com.mx\/index.php?rest_route=%2Fwp%2Fv2%2Fcomments&post=14252"}],"version-history":[{"count":1,"href":"https:\/\/encuentroinformativo.com.mx\/index.php?rest_route=\/wp\/v2\/posts\/14252\/revisions"}],"predecessor-version":[{"id":14253,"href":"https:\/\/encuentroinformativo.com.mx\/index.php?rest_route=\/wp\/v2\/posts\/14252\/revisions\/14253"}],"wp:featuredmedia":[{"embeddable":true,"href":"https:\/\/encuentroinformativo.com.mx\/index.php?rest_route=\/wp\/v2\/media\/70"}],"wp:attachment":[{"href":"https:\/\/encuentroinformativo.com.mx\/index.php?rest_route=%2Fwp%2Fv2%2Fmedia&parent=14252"}],"wp:term":[{"taxonomy":"category","embeddable":true,"href":"https:\/\/encuentroinformativo.com.mx\/index.php?rest_route=%2Fwp%2Fv2%2Fcategories&post=14252"},{"taxonomy":"post_tag","embeddable":true,"href":"https:\/\/encuentroinformativo.com.mx\/index.php?rest_route=%2Fwp%2Fv2%2Ftags&post=14252"}],"curies":[{"name":"wp","href":"https:\/\/api.w.org\/{rel}","templated":true}]}}