{"id":14256,"date":"2021-05-19T10:50:15","date_gmt":"2021-05-19T15:50:15","guid":{"rendered":"https:\/\/encuentroinformativo.com.mx\/?p=14256"},"modified":"2021-05-19T15:19:15","modified_gmt":"2021-05-19T20:19:15","slug":"siguen-protestas-en-la-sev","status":"publish","type":"post","link":"https:\/\/encuentroinformativo.com.mx\/?p=14256","title":{"rendered":"Siguen protestas en la SEV"},"content":{"rendered":"\n<p><strong>Juan Arcos<\/strong><\/p>\n\n\n\n<p>Xalapa, Ver.- Por tercer d\u00eda consecutivo, docentes tomaron las oficinas centrales de la Secretar\u00eda de Educaci\u00f3n de Veracruz (SEV), en esta ocasi\u00f3n, en rechazo al desalojo violento de integrantes del Sindicato Democr\u00e1tico de Trabajadores de la Educaci\u00f3n de Veracruz (SDTEV), el pasado 17 de mayo.<\/p>\n\n\n\n<p>En la protesta participaron integrantes del Sindicato de Trabajadores Unidos al Servicio de la Educaci\u00f3n de Veracruz (Situsev), del Sindicato Veracruzano de Trabajadores del Sector Educativo (SIVETSE) y de la Central de Organizaciones Campesinas y Populares (COCYP).<\/p>\n\n\n\n<p>Cabe recordar que, el pasado lunes, los integrantes del SDTEV que tomaban la SEV y bloqueaban la carretera federal Xalapa-Banderilla, para exigir su reconocimiento como organizaci\u00f3n sindical, fueron desalojados de manera violenta por parte de elementos de la Secretar\u00eda de Seguridad P\u00fablica (SSP).\u00a0<\/p>\n\n\n\n<p>En sus pancartas se le\u00edan mensajes, como: \u201cexigimos respeto absoluto al Magisterio Veracruzano\u201d, \u201csoluci\u00f3n inmediata a las justas demandas del Magisterio\u201d y \u201cno a la criminalizaci\u00f3n de la protesta social\u201d.<\/p>\n\n\n\n<p>De acuerdo con Daneskui Dom\u00ednguez Mel\u00e9ndez, secretario general del SIVETSE, es lamentable el trato que recibieron los docentes cuando ejerc\u00edan su derecho a la libre expresi\u00f3n y a la libre manifestaci\u00f3n.<\/p>\n\n\n\n<p>\u201cAl demandar atenci\u00f3n y respuestas fueron desalojados de manera violenta por elementos de seguridad p\u00fablica de Veracruz, no a la criminalizaci\u00f3n de la protesta, exigimos respeto absoluto al magisterio veracruzano\u201d.<\/p>\n\n\n\n<p>El l\u00edder sindical tambi\u00e9n exigi\u00f3 un an\u00e1lisis de resultados sobre el desempe\u00f1o de directores, subsecretarios, jefes de recursos humanos y enlaces administrativos de educaci\u00f3n b\u00e1sica y media superior.<\/p>\n\n\n\n<p>\u201cCon muy limitados resultados en dos a\u00f1os. Tambi\u00e9n solicitamos sea reconocida la gran labor de los docentes de Telebachillerato a 40 a\u00f1os de su fundaci\u00f3n\u201d.<\/p>\n\n\n\n<p>Dom\u00ednguez Mel\u00e9ndez record\u00f3 que los profesores del subsistema de telebachillerato deben ser reconocidos, toda vez que \u00e9ste imparte educaci\u00f3n media superior a m\u00e1s de mil 75 centros de localidades ind\u00edgenas, urbanas, semiurbanas y rurales de 202 municipios de Veracruz, atendiendo a 92 mil 489 alumnos con una plantilla de 4 mil 809 docentes.<\/p>\n\n\n\n<p>Finalmente, el dirigente sindical demand\u00f3 la asignaci\u00f3n urgente de presupuesto para recategorizaciones 2019, 2020 y 2021, beneficio que no ha sido otorgado a los docentes desde el inicio de esta administraci\u00f3n estatal.<\/p>\n\n\n\n<figure class=\"wp-block-image size-large\"><img loading=\"lazy\" decoding=\"async\" width=\"1024\" height=\"637\" src=\"https:\/\/encuentroinformativo.com.mx\/wp-content\/uploads\/2021\/05\/AE1B5240-7048-46FD-B9CE-F3D6EA31A9A6-1024x637.jpeg\" alt=\"\" class=\"wp-image-14258\" srcset=\"https:\/\/encuentroinformativo.com.mx\/wp-content\/uploads\/2021\/05\/AE1B5240-7048-46FD-B9CE-F3D6EA31A9A6-1024x637.jpeg 1024w, https:\/\/encuentroinformativo.com.mx\/wp-content\/uploads\/2021\/05\/AE1B5240-7048-46FD-B9CE-F3D6EA31A9A6-300x187.jpeg 300w, https:\/\/encuentroinformativo.com.mx\/wp-content\/uploads\/2021\/05\/AE1B5240-7048-46FD-B9CE-F3D6EA31A9A6-768x478.jpeg 768w, https:\/\/encuentroinformativo.com.mx\/wp-content\/uploads\/2021\/05\/AE1B5240-7048-46FD-B9CE-F3D6EA31A9A6-1536x956.jpeg 1536w, https:\/\/encuentroinformativo.com.mx\/wp-content\/uploads\/2021\/05\/AE1B5240-7048-46FD-B9CE-F3D6EA31A9A6-464x290.jpeg 464w, https:\/\/encuentroinformativo.com.mx\/wp-content\/uploads\/2021\/05\/AE1B5240-7048-46FD-B9CE-F3D6EA31A9A6.jpeg 1600w\" sizes=\"auto, (max-width: 1024px) 100vw, 1024px\" \/><\/figure>\n\n\n\n<figure class=\"wp-block-image size-large\"><img loading=\"lazy\" decoding=\"async\" width=\"1024\" height=\"493\" src=\"https:\/\/encuentroinformativo.com.mx\/wp-content\/uploads\/2021\/05\/2602FE8A-803A-4E76-B8A3-03D28FBFA14B-1024x493.jpeg\" alt=\"\" class=\"wp-image-14257\" srcset=\"https:\/\/encuentroinformativo.com.mx\/wp-content\/uploads\/2021\/05\/2602FE8A-803A-4E76-B8A3-03D28FBFA14B-1024x493.jpeg 1024w, https:\/\/encuentroinformativo.com.mx\/wp-content\/uploads\/2021\/05\/2602FE8A-803A-4E76-B8A3-03D28FBFA14B-300x144.jpeg 300w, https:\/\/encuentroinformativo.com.mx\/wp-content\/uploads\/2021\/05\/2602FE8A-803A-4E76-B8A3-03D28FBFA14B-768x370.jpeg 768w, https:\/\/encuentroinformativo.com.mx\/wp-content\/uploads\/2021\/05\/2602FE8A-803A-4E76-B8A3-03D28FBFA14B-1536x739.jpeg 1536w, https:\/\/encuentroinformativo.com.mx\/wp-content\/uploads\/2021\/05\/2602FE8A-803A-4E76-B8A3-03D28FBFA14B.jpeg 1600w\" sizes=\"auto, (max-width: 1024px) 100vw, 1024px\" \/><\/figure>\n","protected":false},"excerpt":{"rendered":"<p>Juan Arcos Xalapa, Ver.- Por tercer d\u00eda consecutivo, docentes tomaron las oficinas centrales de la Secretar\u00eda de Educaci\u00f3n de Veracruz (SEV), en esta ocasi\u00f3n, en rechazo al desalojo violento de integrantes del Sindicato Democr\u00e1tico de Trabajadores de la Educaci\u00f3n de Veracruz (SDTEV), el pasado 17 de mayo. En la protesta participaron integrantes del Sindicato de [&hellip;]<\/p>\n","protected":false},"author":1,"featured_media":14282,"comment_status":"open","ping_status":"open","sticky":false,"template":"","format":"standard","meta":{"_jetpack_memberships_contains_paid_content":false,"footnotes":""},"categories":[3],"tags":[],"class_list":["post-14256","post","type-post","status-publish","format-standard","has-post-thumbnail","hentry","category-xalapa"],"jetpack_featured_media_url":"https:\/\/encuentroinformativo.com.mx\/wp-content\/uploads\/2021\/05\/DE31972B-7185-4036-920B-214C2EDB5F78.jpeg","jetpack_sharing_enabled":true,"jetpack_likes_enabled":true,"amp_enabled":true,"_links":{"self":[{"href":"https:\/\/encuentroinformativo.com.mx\/index.php?rest_route=\/wp\/v2\/posts\/14256","targetHints":{"allow":["GET"]}}],"collection":[{"href":"https:\/\/encuentroinformativo.com.mx\/index.php?rest_route=\/wp\/v2\/posts"}],"about":[{"href":"https:\/\/encuentroinformativo.com.mx\/index.php?rest_route=\/wp\/v2\/types\/post"}],"author":[{"embeddable":true,"href":"https:\/\/encuentroinformativo.com.mx\/index.php?rest_route=\/wp\/v2\/users\/1"}],"replies":[{"embeddable":true,"href":"https:\/\/encuentroinformativo.com.mx\/index.php?rest_route=%2Fwp%2Fv2%2Fcomments&post=14256"}],"version-history":[{"count":2,"href":"https:\/\/encuentroinformativo.com.mx\/index.php?rest_route=\/wp\/v2\/posts\/14256\/revisions"}],"predecessor-version":[{"id":14283,"href":"https:\/\/encuentroinformativo.com.mx\/index.php?rest_route=\/wp\/v2\/posts\/14256\/revisions\/14283"}],"wp:featuredmedia":[{"embeddable":true,"href":"https:\/\/encuentroinformativo.com.mx\/index.php?rest_route=\/wp\/v2\/media\/14282"}],"wp:attachment":[{"href":"https:\/\/encuentroinformativo.com.mx\/index.php?rest_route=%2Fwp%2Fv2%2Fmedia&parent=14256"}],"wp:term":[{"taxonomy":"category","embeddable":true,"href":"https:\/\/encuentroinformativo.com.mx\/index.php?rest_route=%2Fwp%2Fv2%2Fcategories&post=14256"},{"taxonomy":"post_tag","embeddable":true,"href":"https:\/\/encuentroinformativo.com.mx\/index.php?rest_route=%2Fwp%2Fv2%2Ftags&post=14256"}],"curies":[{"name":"wp","href":"https:\/\/api.w.org\/{rel}","templated":true}]}}