{"id":1426,"date":"2020-03-30T16:39:23","date_gmt":"2020-03-30T22:39:23","guid":{"rendered":"https:\/\/encuentroinformativo.com\/?p=1426"},"modified":"2020-03-30T16:39:25","modified_gmt":"2020-03-30T22:39:25","slug":"exhorta-diputado-a-reforzar-medidas-preventivas-contra-covid19","status":"publish","type":"post","link":"https:\/\/encuentroinformativo.com.mx\/?p=1426","title":{"rendered":"Exhorta diputado a reforzar medidas preventivas contra Covid19"},"content":{"rendered":"\n<p>Xalapa,Ver.- El diputado Jos\u00e9 Magdaleno Rosales Torres, hizo un llamado a la poblaci\u00f3n a intensificar las acciones de la Jornada Nacional de Sana Distancia y las medidas de prevenci\u00f3n que se han implementado de manera oficial ante el anuncio formal por parte del Gobierno de la Rep\u00fablica de la implementaci\u00f3n de la Fase 2 en el combate al coronavirus Covid-19.<\/p>\n\n\n\n<p>Rosales Torres expres\u00f3 a los veracruzanos, la petici\u00f3n de seguir las recomendaciones b\u00e1sicas, tales como lavado constante de manos, el uso de gel antibacterial y evitar salir de casa, si no es necesario.<\/p>\n\n\n\n<p>\u201cHago un llamado a la ciudadan\u00eda para que todos colaboremos y hagamos bien las cosas, este periodo no es de vacaciones, las medidas que se est\u00e1n implementando en Veracruz son medidas preventivas por el bien de todos,seamos sumamente responsables en cuidar nuestra salud y la de nuestra familia, tomar nuestras medidas es lo m\u00e1s importante para poder salir adelante\u201d precis\u00f3.<\/p>\n\n\n\n<p>Con el \u00e9xito de estas acciones contribuiremos como sociedad a una mejor prevenci\u00f3n,por tal motivo debemos de seguir la disposici\u00f3n de una Sana Distancia entre los ciudadanos, hoy tenemos la oportunidad de prevenir y atacar al COVID-19, subray\u00f3 el diputado Magdaleno Rosales Torres.<\/p>\n","protected":false},"excerpt":{"rendered":"<p>Xalapa,Ver.- El diputado Jos\u00e9 Magdaleno Rosales Torres, hizo un llamado a la poblaci\u00f3n a intensificar las acciones de la Jornada Nacional de Sana Distancia y las medidas de prevenci\u00f3n que se han implementado de manera oficial ante el anuncio formal por parte del Gobierno de la Rep\u00fablica de la implementaci\u00f3n de la Fase 2 en [&hellip;]<\/p>\n","protected":false},"author":1,"featured_media":1427,"comment_status":"open","ping_status":"open","sticky":false,"template":"","format":"standard","meta":{"_jetpack_memberships_contains_paid_content":false,"footnotes":""},"categories":[2],"tags":[],"class_list":["post-1426","post","type-post","status-publish","format-standard","has-post-thumbnail","hentry","category-estado"],"jetpack_featured_media_url":"https:\/\/encuentroinformativo.com.mx\/wp-content\/uploads\/2020\/03\/80B6E4C1-E7ED-41E3-BAE4-CD7678A01D18.jpeg","jetpack_sharing_enabled":true,"jetpack_likes_enabled":true,"amp_enabled":true,"_links":{"self":[{"href":"https:\/\/encuentroinformativo.com.mx\/index.php?rest_route=\/wp\/v2\/posts\/1426","targetHints":{"allow":["GET"]}}],"collection":[{"href":"https:\/\/encuentroinformativo.com.mx\/index.php?rest_route=\/wp\/v2\/posts"}],"about":[{"href":"https:\/\/encuentroinformativo.com.mx\/index.php?rest_route=\/wp\/v2\/types\/post"}],"author":[{"embeddable":true,"href":"https:\/\/encuentroinformativo.com.mx\/index.php?rest_route=\/wp\/v2\/users\/1"}],"replies":[{"embeddable":true,"href":"https:\/\/encuentroinformativo.com.mx\/index.php?rest_route=%2Fwp%2Fv2%2Fcomments&post=1426"}],"version-history":[{"count":1,"href":"https:\/\/encuentroinformativo.com.mx\/index.php?rest_route=\/wp\/v2\/posts\/1426\/revisions"}],"predecessor-version":[{"id":1428,"href":"https:\/\/encuentroinformativo.com.mx\/index.php?rest_route=\/wp\/v2\/posts\/1426\/revisions\/1428"}],"wp:featuredmedia":[{"embeddable":true,"href":"https:\/\/encuentroinformativo.com.mx\/index.php?rest_route=\/wp\/v2\/media\/1427"}],"wp:attachment":[{"href":"https:\/\/encuentroinformativo.com.mx\/index.php?rest_route=%2Fwp%2Fv2%2Fmedia&parent=1426"}],"wp:term":[{"taxonomy":"category","embeddable":true,"href":"https:\/\/encuentroinformativo.com.mx\/index.php?rest_route=%2Fwp%2Fv2%2Fcategories&post=1426"},{"taxonomy":"post_tag","embeddable":true,"href":"https:\/\/encuentroinformativo.com.mx\/index.php?rest_route=%2Fwp%2Fv2%2Ftags&post=1426"}],"curies":[{"name":"wp","href":"https:\/\/api.w.org\/{rel}","templated":true}]}}