{"id":14260,"date":"2021-05-19T12:13:15","date_gmt":"2021-05-19T17:13:15","guid":{"rendered":"https:\/\/encuentroinformativo.com.mx\/?p=14260"},"modified":"2021-05-19T12:13:19","modified_gmt":"2021-05-19T17:13:19","slug":"llueven-reclamos-en-oficinas-de-conagua","status":"publish","type":"post","link":"https:\/\/encuentroinformativo.com.mx\/?p=14260","title":{"rendered":"Llueven reclamos en oficinas de Conagua"},"content":{"rendered":"\n<p><strong>Dar\u00edo Pale<\/strong> <\/p>\n\n\n\n<p>Xalapa, Ver.- Se manifiestan afuera de la Comisi\u00f3n Nacional del Agua (Conagua) debido a que el gobierno federal est\u00e1 violentando su derecho al agua, as\u00ed lo se\u00f1alaron los habitantes del estado de Morelos, acompa\u00f1ados de diversos colectivos en defensa del agua, de la tierra y del medio ambiente, se manifestaron.<\/p>\n\n\n\n<p>Entrevistados durante la manifestaci\u00f3n en las afueras de la CONAGUA solicitaron a trav\u00e9s de un documento enviado a Blanca Jim\u00e9nez Cisneros, directora de la dependencia federal, en donde demandan atenci\u00f3n personal y directa de la servidora p\u00fablica para que atienda las denuncias de violaci\u00f3n a su derecho humano y legal al agua a trav\u00e9s del Plan Integral Morelos.<\/p>\n\n\n\n<p>Dieron a conocer que a trav\u00e9s de varias conferencias han denunciado la ilegalidad y violaci\u00f3n a sus derechos como campesinos y ejidatarios y usuarios del agua proveniente del r\u00edo Cuautla, as\u00ed como de mantos acu\u00edferos de diferentes pueblos.<\/p>\n\n\n\n<p>Mencion\u00f3 que entre los acompa\u00f1antes a esta marcha y protesta se encontraban algunos miembros del Ej\u00e9rcito Zapatista de Liberaci\u00f3n Nacional campamento surco de Ayala, Morelos, Plat\u00f3n de Huesca, Morelos; la Red de Resistencia Rebeld\u00eda, Apoyo a la CNICIG puerto de Veracruz, la RR Xalapa, la Asamblea Ciudadana en Defensa del Agua del puerto de Veracruz, Boca del R\u00edo y Medell\u00edn; Frente de Trabajadores por el Derecho a la salud y seguridad social.<\/p>\n\n\n\n<p>Finalmente en uso de la Voz de An\u00e1huac, la Coordinadora de Colonias de Ecatepec, la Colectiva de Mujeres Productoras de CDMX, Trabajo y Libertad de la CDMX, entre muchas otras.<\/p>\n\n\n\n<figure class=\"wp-block-image size-large\"><img loading=\"lazy\" decoding=\"async\" width=\"1024\" height=\"653\" src=\"https:\/\/encuentroinformativo.com.mx\/wp-content\/uploads\/2021\/05\/40FE281E-8DE8-4BD7-813E-F9B21F9E0A1B-1024x653.jpeg\" alt=\"\" class=\"wp-image-14262\" srcset=\"https:\/\/encuentroinformativo.com.mx\/wp-content\/uploads\/2021\/05\/40FE281E-8DE8-4BD7-813E-F9B21F9E0A1B-1024x653.jpeg 1024w, https:\/\/encuentroinformativo.com.mx\/wp-content\/uploads\/2021\/05\/40FE281E-8DE8-4BD7-813E-F9B21F9E0A1B-300x191.jpeg 300w, https:\/\/encuentroinformativo.com.mx\/wp-content\/uploads\/2021\/05\/40FE281E-8DE8-4BD7-813E-F9B21F9E0A1B-768x489.jpeg 768w, https:\/\/encuentroinformativo.com.mx\/wp-content\/uploads\/2021\/05\/40FE281E-8DE8-4BD7-813E-F9B21F9E0A1B.jpeg 1235w\" sizes=\"auto, (max-width: 1024px) 100vw, 1024px\" \/><\/figure>\n\n\n\n<figure class=\"wp-block-image size-large\"><img loading=\"lazy\" decoding=\"async\" width=\"1024\" height=\"484\" src=\"https:\/\/encuentroinformativo.com.mx\/wp-content\/uploads\/2021\/05\/34036D91-9410-4AB4-B516-635BB72DEAA5-1024x484.jpeg\" alt=\"\" class=\"wp-image-14263\" srcset=\"https:\/\/encuentroinformativo.com.mx\/wp-content\/uploads\/2021\/05\/34036D91-9410-4AB4-B516-635BB72DEAA5-1024x484.jpeg 1024w, https:\/\/encuentroinformativo.com.mx\/wp-content\/uploads\/2021\/05\/34036D91-9410-4AB4-B516-635BB72DEAA5-300x142.jpeg 300w, https:\/\/encuentroinformativo.com.mx\/wp-content\/uploads\/2021\/05\/34036D91-9410-4AB4-B516-635BB72DEAA5-768x363.jpeg 768w, https:\/\/encuentroinformativo.com.mx\/wp-content\/uploads\/2021\/05\/34036D91-9410-4AB4-B516-635BB72DEAA5.jpeg 1119w\" sizes=\"auto, (max-width: 1024px) 100vw, 1024px\" \/><\/figure>\n","protected":false},"excerpt":{"rendered":"<p>Dar\u00edo Pale Xalapa, Ver.- Se manifiestan afuera de la Comisi\u00f3n Nacional del Agua (Conagua) debido a que el gobierno federal est\u00e1 violentando su derecho al agua, as\u00ed lo se\u00f1alaron los habitantes del estado de Morelos, acompa\u00f1ados de diversos colectivos en defensa del agua, de la tierra y del medio ambiente, se manifestaron. Entrevistados durante la [&hellip;]<\/p>\n","protected":false},"author":1,"featured_media":14261,"comment_status":"open","ping_status":"open","sticky":false,"template":"","format":"standard","meta":{"_jetpack_memberships_contains_paid_content":false,"footnotes":""},"categories":[3],"tags":[],"class_list":["post-14260","post","type-post","status-publish","format-standard","has-post-thumbnail","hentry","category-xalapa"],"jetpack_featured_media_url":"https:\/\/encuentroinformativo.com.mx\/wp-content\/uploads\/2021\/05\/733AB061-D811-4A5F-9596-BC466BFC2492.jpeg","jetpack_sharing_enabled":true,"jetpack_likes_enabled":true,"amp_enabled":true,"_links":{"self":[{"href":"https:\/\/encuentroinformativo.com.mx\/index.php?rest_route=\/wp\/v2\/posts\/14260","targetHints":{"allow":["GET"]}}],"collection":[{"href":"https:\/\/encuentroinformativo.com.mx\/index.php?rest_route=\/wp\/v2\/posts"}],"about":[{"href":"https:\/\/encuentroinformativo.com.mx\/index.php?rest_route=\/wp\/v2\/types\/post"}],"author":[{"embeddable":true,"href":"https:\/\/encuentroinformativo.com.mx\/index.php?rest_route=\/wp\/v2\/users\/1"}],"replies":[{"embeddable":true,"href":"https:\/\/encuentroinformativo.com.mx\/index.php?rest_route=%2Fwp%2Fv2%2Fcomments&post=14260"}],"version-history":[{"count":1,"href":"https:\/\/encuentroinformativo.com.mx\/index.php?rest_route=\/wp\/v2\/posts\/14260\/revisions"}],"predecessor-version":[{"id":14264,"href":"https:\/\/encuentroinformativo.com.mx\/index.php?rest_route=\/wp\/v2\/posts\/14260\/revisions\/14264"}],"wp:featuredmedia":[{"embeddable":true,"href":"https:\/\/encuentroinformativo.com.mx\/index.php?rest_route=\/wp\/v2\/media\/14261"}],"wp:attachment":[{"href":"https:\/\/encuentroinformativo.com.mx\/index.php?rest_route=%2Fwp%2Fv2%2Fmedia&parent=14260"}],"wp:term":[{"taxonomy":"category","embeddable":true,"href":"https:\/\/encuentroinformativo.com.mx\/index.php?rest_route=%2Fwp%2Fv2%2Fcategories&post=14260"},{"taxonomy":"post_tag","embeddable":true,"href":"https:\/\/encuentroinformativo.com.mx\/index.php?rest_route=%2Fwp%2Fv2%2Ftags&post=14260"}],"curies":[{"name":"wp","href":"https:\/\/api.w.org\/{rel}","templated":true}]}}