{"id":14265,"date":"2021-05-19T12:58:07","date_gmt":"2021-05-19T17:58:07","guid":{"rendered":"https:\/\/encuentroinformativo.com.mx\/?p=14265"},"modified":"2021-05-19T12:59:48","modified_gmt":"2021-05-19T17:59:48","slug":"continuan-despidos-injustificados-en-cecytev-realizan-protestas","status":"publish","type":"post","link":"https:\/\/encuentroinformativo.com.mx\/?p=14265","title":{"rendered":"Contin\u00faan despidos injustificados en CECYTEV, realizan protestas"},"content":{"rendered":"\n<p><strong>Dar\u00edo Pale<\/strong> <\/p>\n\n\n\n<p>Xalapa, Ver.- Trabajadores del Colegio de Estudios Cient\u00edficos y Tecnol\u00f3gicos del Estado de Veracruz (CECYTEV) marcharon este mi\u00e9rcoles y bloquearon la vialidad de manera intermitente en la calle Enr\u00edquez, frente al Palacio de Gobierno, para denunciar despidos injustificados.<\/p>\n\n\n\n<p>Fernando Martell exvinculador del plantel Atzalan, afirm\u00f3 que muchos ten\u00edan una antig\u00fcedad de entre 4 y 17 a\u00f1os, estos est\u00e1n dentro de los m\u00e1s de cien despedidos de forma injustificada que se han registrado en dicho subsistema.<\/p>\n\n\n\n<p>Acusan violencia y piden la renuncia del director general de este sub sistema educativo, Javier Baizabal Cordero que desde su llegada de iniciaron los despidos y al mismo tiempo las contrataciones de amigos.<\/p>\n\n\n\n<p>Los inconformes exigieron una audiencia con el secretario de Educaci\u00f3n, Zenyazen Escobar Garc\u00eda, porque el ingreso de esas familias est\u00e1 en riesgo.<\/p>\n\n\n\n<p>&#8220;\u00a1Fuera Baizabal!&#8221; gritaron al plantarse frente al Palacio de Gobierno.<\/p>\n\n\n\n<p>&#8220;Esperamos que nos reinstalen inmediatamente&#8221; dijo finalmente Fernando Luna, uno de los trabajadores inconformes.<\/p>\n\n\n\n<figure class=\"wp-block-image size-large\"><img loading=\"lazy\" decoding=\"async\" width=\"1024\" height=\"682\" src=\"https:\/\/encuentroinformativo.com.mx\/wp-content\/uploads\/2021\/05\/469C4B17-0B5D-4EC9-8878-6ACF702C1E22-1024x682.jpeg\" alt=\"\" class=\"wp-image-14268\" srcset=\"https:\/\/encuentroinformativo.com.mx\/wp-content\/uploads\/2021\/05\/469C4B17-0B5D-4EC9-8878-6ACF702C1E22-1024x682.jpeg 1024w, https:\/\/encuentroinformativo.com.mx\/wp-content\/uploads\/2021\/05\/469C4B17-0B5D-4EC9-8878-6ACF702C1E22-300x200.jpeg 300w, https:\/\/encuentroinformativo.com.mx\/wp-content\/uploads\/2021\/05\/469C4B17-0B5D-4EC9-8878-6ACF702C1E22-768x512.jpeg 768w, https:\/\/encuentroinformativo.com.mx\/wp-content\/uploads\/2021\/05\/469C4B17-0B5D-4EC9-8878-6ACF702C1E22.jpeg 1280w\" sizes=\"auto, (max-width: 1024px) 100vw, 1024px\" \/><\/figure>\n","protected":false},"excerpt":{"rendered":"<p>Dar\u00edo Pale Xalapa, Ver.- Trabajadores del Colegio de Estudios Cient\u00edficos y Tecnol\u00f3gicos del Estado de Veracruz (CECYTEV) marcharon este mi\u00e9rcoles y bloquearon la vialidad de manera intermitente en la calle Enr\u00edquez, frente al Palacio de Gobierno, para denunciar despidos injustificados. Fernando Martell exvinculador del plantel Atzalan, afirm\u00f3 que muchos ten\u00edan una antig\u00fcedad de entre 4 [&hellip;]<\/p>\n","protected":false},"author":1,"featured_media":14266,"comment_status":"open","ping_status":"open","sticky":false,"template":"","format":"standard","meta":{"_jetpack_memberships_contains_paid_content":false,"footnotes":""},"categories":[3],"tags":[],"class_list":["post-14265","post","type-post","status-publish","format-standard","has-post-thumbnail","hentry","category-xalapa"],"jetpack_featured_media_url":"https:\/\/encuentroinformativo.com.mx\/wp-content\/uploads\/2021\/05\/B14618B3-64CB-498E-90E7-96FD2EBD883E.jpeg","jetpack_sharing_enabled":true,"jetpack_likes_enabled":true,"amp_enabled":true,"_links":{"self":[{"href":"https:\/\/encuentroinformativo.com.mx\/index.php?rest_route=\/wp\/v2\/posts\/14265","targetHints":{"allow":["GET"]}}],"collection":[{"href":"https:\/\/encuentroinformativo.com.mx\/index.php?rest_route=\/wp\/v2\/posts"}],"about":[{"href":"https:\/\/encuentroinformativo.com.mx\/index.php?rest_route=\/wp\/v2\/types\/post"}],"author":[{"embeddable":true,"href":"https:\/\/encuentroinformativo.com.mx\/index.php?rest_route=\/wp\/v2\/users\/1"}],"replies":[{"embeddable":true,"href":"https:\/\/encuentroinformativo.com.mx\/index.php?rest_route=%2Fwp%2Fv2%2Fcomments&post=14265"}],"version-history":[{"count":2,"href":"https:\/\/encuentroinformativo.com.mx\/index.php?rest_route=\/wp\/v2\/posts\/14265\/revisions"}],"predecessor-version":[{"id":14269,"href":"https:\/\/encuentroinformativo.com.mx\/index.php?rest_route=\/wp\/v2\/posts\/14265\/revisions\/14269"}],"wp:featuredmedia":[{"embeddable":true,"href":"https:\/\/encuentroinformativo.com.mx\/index.php?rest_route=\/wp\/v2\/media\/14266"}],"wp:attachment":[{"href":"https:\/\/encuentroinformativo.com.mx\/index.php?rest_route=%2Fwp%2Fv2%2Fmedia&parent=14265"}],"wp:term":[{"taxonomy":"category","embeddable":true,"href":"https:\/\/encuentroinformativo.com.mx\/index.php?rest_route=%2Fwp%2Fv2%2Fcategories&post=14265"},{"taxonomy":"post_tag","embeddable":true,"href":"https:\/\/encuentroinformativo.com.mx\/index.php?rest_route=%2Fwp%2Fv2%2Ftags&post=14265"}],"curies":[{"name":"wp","href":"https:\/\/api.w.org\/{rel}","templated":true}]}}