{"id":14270,"date":"2021-05-19T13:40:27","date_gmt":"2021-05-19T18:40:27","guid":{"rendered":"https:\/\/encuentroinformativo.com.mx\/?p=14270"},"modified":"2021-05-19T13:40:32","modified_gmt":"2021-05-19T18:40:32","slug":"con-protesta-demandan-liberacion-de-taxistas","status":"publish","type":"post","link":"https:\/\/encuentroinformativo.com.mx\/?p=14270","title":{"rendered":"Con protesta, demandan liberaci\u00f3n de taxistas"},"content":{"rendered":"\n<p><strong>Dar\u00edo Pale<\/strong><\/p>\n\n\n\n<p>Xalapa, Ver.- Jos\u00e9 Luis Castillo Salas Secretario General del Sindicato de Operadores Propietarios y Anexos del Estado de Veracruz (SOPAVER), pese a que reconoci\u00f3 que hacen colectivos cobrando 10 pesos se inconform\u00f3 por la detenci\u00f3n de sus unidades.<\/p>\n\n\n\n<p>Un peque\u00f1o grupo de taxistas adheridos al sindicato del SOPAVER se manifestaron frente a palacio de gobierno para solicitar que les liberen a los taxistas que fueron detenidos en d\u00edas pasados durante un operativo en la avenida Chedrahui Caram.<\/p>\n\n\n\n<p>&#8220;Aqu\u00ed est\u00e1 la gente de trabajo, la gente de lucha a donde mantienen a su familia a puro sudor de frente y cuando cobran hasta 10 pesos en un servicio no estamos lucrando a nadie&#8221;, se\u00f1al\u00f3 el l\u00edder durante la manifestaci\u00f3n.<\/p>\n\n\n\n<p>Dio a conocer que vienen de forma pac\u00edfica pero de querer pueden traer m\u00e1s personas , no le quieren faltar a a ciudadan\u00eda bloqueando vialidades.<\/p>\n\n\n\n<p>Finalmente se\u00f1al\u00f3 &#8220;aqu\u00ed estamos todos para que venga seguridad p\u00fablica a cerrarnos a la c\u00e1rcel pero no a uno a toda la familia SOPAVER y que encierren al corral\u00f3n a todos los del SOPAVER no nomas que vayan de brinco en brinco a abusar de esta clase trabajadora, aqu\u00ed o todos hijos de Dios o todos hijos de sabanas&#8221;.<\/p>\n","protected":false},"excerpt":{"rendered":"<p>Dar\u00edo Pale Xalapa, Ver.- Jos\u00e9 Luis Castillo Salas Secretario General del Sindicato de Operadores Propietarios y Anexos del Estado de Veracruz (SOPAVER), pese a que reconoci\u00f3 que hacen colectivos cobrando 10 pesos se inconform\u00f3 por la detenci\u00f3n de sus unidades. Un peque\u00f1o grupo de taxistas adheridos al sindicato del SOPAVER se manifestaron frente a palacio [&hellip;]<\/p>\n","protected":false},"author":1,"featured_media":14271,"comment_status":"open","ping_status":"open","sticky":false,"template":"","format":"standard","meta":{"_jetpack_memberships_contains_paid_content":false,"footnotes":""},"categories":[3],"tags":[],"class_list":["post-14270","post","type-post","status-publish","format-standard","has-post-thumbnail","hentry","category-xalapa"],"jetpack_featured_media_url":"https:\/\/encuentroinformativo.com.mx\/wp-content\/uploads\/2021\/05\/2114AAAA-E486-4FB3-A716-C99B4EAAC52C.jpeg","jetpack_sharing_enabled":true,"jetpack_likes_enabled":true,"amp_enabled":true,"_links":{"self":[{"href":"https:\/\/encuentroinformativo.com.mx\/index.php?rest_route=\/wp\/v2\/posts\/14270","targetHints":{"allow":["GET"]}}],"collection":[{"href":"https:\/\/encuentroinformativo.com.mx\/index.php?rest_route=\/wp\/v2\/posts"}],"about":[{"href":"https:\/\/encuentroinformativo.com.mx\/index.php?rest_route=\/wp\/v2\/types\/post"}],"author":[{"embeddable":true,"href":"https:\/\/encuentroinformativo.com.mx\/index.php?rest_route=\/wp\/v2\/users\/1"}],"replies":[{"embeddable":true,"href":"https:\/\/encuentroinformativo.com.mx\/index.php?rest_route=%2Fwp%2Fv2%2Fcomments&post=14270"}],"version-history":[{"count":1,"href":"https:\/\/encuentroinformativo.com.mx\/index.php?rest_route=\/wp\/v2\/posts\/14270\/revisions"}],"predecessor-version":[{"id":14272,"href":"https:\/\/encuentroinformativo.com.mx\/index.php?rest_route=\/wp\/v2\/posts\/14270\/revisions\/14272"}],"wp:featuredmedia":[{"embeddable":true,"href":"https:\/\/encuentroinformativo.com.mx\/index.php?rest_route=\/wp\/v2\/media\/14271"}],"wp:attachment":[{"href":"https:\/\/encuentroinformativo.com.mx\/index.php?rest_route=%2Fwp%2Fv2%2Fmedia&parent=14270"}],"wp:term":[{"taxonomy":"category","embeddable":true,"href":"https:\/\/encuentroinformativo.com.mx\/index.php?rest_route=%2Fwp%2Fv2%2Fcategories&post=14270"},{"taxonomy":"post_tag","embeddable":true,"href":"https:\/\/encuentroinformativo.com.mx\/index.php?rest_route=%2Fwp%2Fv2%2Ftags&post=14270"}],"curies":[{"name":"wp","href":"https:\/\/api.w.org\/{rel}","templated":true}]}}