{"id":14284,"date":"2021-05-19T15:22:41","date_gmt":"2021-05-19T20:22:41","guid":{"rendered":"https:\/\/encuentroinformativo.com.mx\/?p=14284"},"modified":"2021-05-19T15:22:46","modified_gmt":"2021-05-19T20:22:46","slug":"acusan-a-marcos-isleno-de-compras-indebidas-con-recursos-publicos","status":"publish","type":"post","link":"https:\/\/encuentroinformativo.com.mx\/?p=14284","title":{"rendered":"Acusan a Marcos Isle\u00f1o de compras indebidas con recursos p\u00fablicos"},"content":{"rendered":"\n<p><strong>Alejandro \u00c1vila<\/strong><\/p>\n\n\n\n<p>Medell\u00edn de Bravo, Ver.- El candidato a la alcald\u00eda de Medell\u00edn de Bravo por Movimiento Ciudadano, Guillermo Herrada Jim\u00e9nez, lanz\u00f3 un video en redes sociales, donde denunci\u00f3 la compra hecha por el Ayuntamiento de Medell\u00edn de Bravo a sobre precio, esto bajo la administraci\u00f3n de Marcos Isle\u00f1o.<\/p>\n\n\n\n<p>El candidato, instalado en la avenida Paseo, mostr\u00f3 la vivienda marcada como Lote 8 &#8211; M91, donde se ve una estructura olvidada y sin utilizar; mismo que detall\u00f3 fue adquirido bajo el convenio urban\u00edstico, a un costo de 935 mil pesos, cuando el valor catastral actual, no supera los 600 mil pesos en la zona.<\/p>\n\n\n\n<p>Herrada Jim\u00e9nez, apunt\u00f3 que desde la \u00e9poca de Marcos Isle\u00f1o, la propiedad fue utilizada muy poco y los gobiernos siguientes la olvidaron, y agreg\u00f3 que el espacio pudo ser un gran activo para el municipio.<\/p>\n\n\n\n<p>En ese sentido, se\u00f1al\u00f3 que espacios como ese, que pertenecen al Ayuntamiento, existen muchos en el municipio, por lo que de lograr la victoria el pr\u00f3ximo 6 de junio, este y otros sitios se reactivar\u00e1n como m\u00f3dulos m\u00e9dicos, casas de enlace o espacios recreativos para el apoyo a la ciudadan\u00eda.<\/p>\n","protected":false},"excerpt":{"rendered":"<p>Alejandro \u00c1vila Medell\u00edn de Bravo, Ver.- El candidato a la alcald\u00eda de Medell\u00edn de Bravo por Movimiento Ciudadano, Guillermo Herrada Jim\u00e9nez, lanz\u00f3 un video en redes sociales, donde denunci\u00f3 la compra hecha por el Ayuntamiento de Medell\u00edn de Bravo a sobre precio, esto bajo la administraci\u00f3n de Marcos Isle\u00f1o. El candidato, instalado en la avenida [&hellip;]<\/p>\n","protected":false},"author":1,"featured_media":14285,"comment_status":"open","ping_status":"open","sticky":false,"template":"","format":"standard","meta":{"_jetpack_memberships_contains_paid_content":false,"footnotes":""},"categories":[2],"tags":[],"class_list":["post-14284","post","type-post","status-publish","format-standard","has-post-thumbnail","hentry","category-estado"],"jetpack_featured_media_url":"https:\/\/encuentroinformativo.com.mx\/wp-content\/uploads\/2021\/05\/C854EF0B-76F1-4861-98A5-69399FC7FC39.jpeg","jetpack_sharing_enabled":true,"jetpack_likes_enabled":true,"amp_enabled":true,"_links":{"self":[{"href":"https:\/\/encuentroinformativo.com.mx\/index.php?rest_route=\/wp\/v2\/posts\/14284","targetHints":{"allow":["GET"]}}],"collection":[{"href":"https:\/\/encuentroinformativo.com.mx\/index.php?rest_route=\/wp\/v2\/posts"}],"about":[{"href":"https:\/\/encuentroinformativo.com.mx\/index.php?rest_route=\/wp\/v2\/types\/post"}],"author":[{"embeddable":true,"href":"https:\/\/encuentroinformativo.com.mx\/index.php?rest_route=\/wp\/v2\/users\/1"}],"replies":[{"embeddable":true,"href":"https:\/\/encuentroinformativo.com.mx\/index.php?rest_route=%2Fwp%2Fv2%2Fcomments&post=14284"}],"version-history":[{"count":1,"href":"https:\/\/encuentroinformativo.com.mx\/index.php?rest_route=\/wp\/v2\/posts\/14284\/revisions"}],"predecessor-version":[{"id":14286,"href":"https:\/\/encuentroinformativo.com.mx\/index.php?rest_route=\/wp\/v2\/posts\/14284\/revisions\/14286"}],"wp:featuredmedia":[{"embeddable":true,"href":"https:\/\/encuentroinformativo.com.mx\/index.php?rest_route=\/wp\/v2\/media\/14285"}],"wp:attachment":[{"href":"https:\/\/encuentroinformativo.com.mx\/index.php?rest_route=%2Fwp%2Fv2%2Fmedia&parent=14284"}],"wp:term":[{"taxonomy":"category","embeddable":true,"href":"https:\/\/encuentroinformativo.com.mx\/index.php?rest_route=%2Fwp%2Fv2%2Fcategories&post=14284"},{"taxonomy":"post_tag","embeddable":true,"href":"https:\/\/encuentroinformativo.com.mx\/index.php?rest_route=%2Fwp%2Fv2%2Ftags&post=14284"}],"curies":[{"name":"wp","href":"https:\/\/api.w.org\/{rel}","templated":true}]}}